{"id":932,"date":"2016-03-23T16:51:28","date_gmt":"2016-03-23T14:51:28","guid":{"rendered":"http:\/\/www.pereboil.com\/wordpress\/es\/fallas\/"},"modified":"2016-07-14T10:19:40","modified_gmt":"2016-07-14T08:19:40","slug":"fallas","status":"publish","type":"post","link":"https:\/\/pereboil.com\/es\/fallas\/","title":{"rendered":"Fallas"},"content":{"rendered":"<p>Los alumnos de 4\u00ba de la ESO involucrados en el Programa Euroscola 2016 visitamos el pasado martes d\u00eda 15 las Fallas de Valencia en el d\u00eda de la \u201cPlant\u00e0\u201d.<\/p>\n<p>Dichos monumentos han sido propuestos a la UNESCO para entrar a formar parte del Patrimonio Inmaterial de la Humanidad por su gran carga est\u00e9tica, art\u00edstica, cultural y de fomento del patrimonio aut\u00f3ctono valenciano.<\/p>\n<p>Los alumnos recorrimos la Plaza del Ayuntamiento, visitando su Falla, cuyo lema giraba en torno a dicha candidatura de la UNESCO<\/p>\n<p>Luego recorrimos el casco hist\u00f3rico de la ciudad, callejeando por la Plaza del Mercado Central, la Plaza del Pilar, la Plaza Redonda y el Mercado de Tapiner\u00eda,<\/p>\n<p>Para acabar la ma\u00f1ana disfrutamos del espect\u00e1culo pirot\u00e9cnico de la Masclet\u00e0.<\/p>\n<p>Esperemos que esta muestra tan internacional de nuestra cultura y nuestro folklore tenga un reconocimiento este pr\u00f3ximo octubre por parte de la UNESCO permitiendo que a esta festividad de la que tanto nos enorgullecemos le sea dado el reconocimiento que se merece.<br \/>\n<img loading=\"lazy\" decoding=\"async\" width=\"1999\" height=\"1342\" src=\"http:\/\/www.pereboil.com\/wordpress\/wp-content\/uploads\/2016\/07\/141.jpg\" class=\"alignnone size-full wp-image-927\" srcset=\"https:\/\/pereboil.com\/wp-content\/uploads\/2016\/07\/141.jpg 1999w, https:\/\/pereboil.com\/wp-content\/uploads\/2016\/07\/141-300x201.jpg 300w, https:\/\/pereboil.com\/wp-content\/uploads\/2016\/07\/141-768x516.jpg 768w, https:\/\/pereboil.com\/wp-content\/uploads\/2016\/07\/141-1024x687.jpg 1024w\" sizes=\"(max-width: 1999px) 100vw, 1999px\" \/><br \/>\n<img loading=\"lazy\" decoding=\"async\" width=\"1342\" height=\"1999\" src=\"http:\/\/www.pereboil.com\/wordpress\/wp-content\/uploads\/2016\/07\/131.jpg\" class=\"alignnone size-full wp-image-928\" srcset=\"https:\/\/pereboil.com\/wp-content\/uploads\/2016\/07\/131.jpg 1342w, https:\/\/pereboil.com\/wp-content\/uploads\/2016\/07\/131-201x300.jpg 201w, https:\/\/pereboil.com\/wp-content\/uploads\/2016\/07\/131-768x1144.jpg 768w, https:\/\/pereboil.com\/wp-content\/uploads\/2016\/07\/131-687x1024.jpg 687w\" sizes=\"(max-width: 1342px) 100vw, 1342px\" \/><br \/>\n<img loading=\"lazy\" decoding=\"async\" width=\"1175\" height=\"1932\" src=\"http:\/\/www.pereboil.com\/wordpress\/wp-content\/uploads\/2016\/07\/11-d1.jpg\" class=\"alignnone size-full wp-image-929\" srcset=\"https:\/\/pereboil.com\/wp-content\/uploads\/2016\/07\/11-d1.jpg 1175w, https:\/\/pereboil.com\/wp-content\/uploads\/2016\/07\/11-d1-182x300.jpg 182w, https:\/\/pereboil.com\/wp-content\/uploads\/2016\/07\/11-d1-768x1263.jpg 768w, https:\/\/pereboil.com\/wp-content\/uploads\/2016\/07\/11-d1-623x1024.jpg 623w\" sizes=\"(max-width: 1175px) 100vw, 1175px\" \/><br \/>\n<img loading=\"lazy\" decoding=\"async\" width=\"1999\" height=\"1342\" src=\"http:\/\/www.pereboil.com\/wordpress\/wp-content\/uploads\/2016\/07\/121.jpg\" class=\"alignnone size-full wp-image-930\" srcset=\"https:\/\/pereboil.com\/wp-content\/uploads\/2016\/07\/121.jpg 1999w, https:\/\/pereboil.com\/wp-content\/uploads\/2016\/07\/121-300x201.jpg 300w, https:\/\/pereboil.com\/wp-content\/uploads\/2016\/07\/121-768x516.jpg 768w, https:\/\/pereboil.com\/wp-content\/uploads\/2016\/07\/121-1024x687.jpg 1024w\" sizes=\"(max-width: 1999px) 100vw, 1999px\" \/><\/p>\n","protected":false},"excerpt":{"rendered":"<p>Los alumnos de 4\u00ba de la ESO involucrados en el Programa Euroscola 2016 visitamos el pasado martes d\u00eda 15 las Fallas de Valencia en el d\u00eda de la \u201cPlant\u00e0\u201d. Dichos monumentos han sido propuestos a la UNESCO para entrar a formar parte del Patrimonio Inmaterial de la Humanidad por su gran carga est\u00e9tica, art\u00edstica, cultural&#8230; <a href=\"https:\/\/pereboil.com\/es\/fallas\/\" class=\"excerpt-read-more\">Leer M\u00e1s<\/a><\/p>\n","protected":false},"author":1,"featured_media":21882,"comment_status":"closed","ping_status":"closed","sticky":false,"template":"","format":"standard","meta":{"jetpack_post_was_ever_published":false,"_jetpack_newsletter_access":"","_jetpack_dont_email_post_to_subs":false,"_jetpack_newsletter_tier_id":0,"_jetpack_memberships_contains_paywalled_content":false,"_jetpack_memberships_contains_paid_content":false,"footnotes":"","jetpack_publicize_message":"","jetpack_publicize_feature_enabled":true,"jetpack_social_post_already_shared":true,"jetpack_social_options":{"image_generator_settings":{"template":"highway","enabled":false},"version":2}},"categories":[97],"tags":[109],"class_list":["post-932","post","type-post","status-publish","format-standard","has-post-thumbnail","hentry","category-euroscola-es","tag-comun"],"jetpack_publicize_connections":[],"yoast_head":"<!-- This site is optimized with the Yoast SEO plugin v23.0 - https:\/\/yoast.com\/wordpress\/plugins\/seo\/ -->\n<title>Fallas - IES Pere Bo\u00efl<\/title>\n<meta name=\"robots\" content=\"index, follow, max-snippet:-1, max-image-preview:large, max-video-preview:-1\" \/>\n<link rel=\"canonical\" href=\"https:\/\/pereboil.com\/es\/fallas\/\" \/>\n<meta property=\"og:locale\" content=\"es_ES\" \/>\n<meta property=\"og:type\" content=\"article\" \/>\n<meta property=\"og:title\" content=\"Fallas - IES Pere Bo\u00efl\" \/>\n<meta property=\"og:description\" content=\"Los alumnos de 4\u00ba de la ESO involucrados en el Programa Euroscola 2016 visitamos el pasado martes d\u00eda 15 las Fallas de Valencia en el d\u00eda de la \u201cPlant\u00e0\u201d. Dichos monumentos han sido propuestos a la UNESCO para entrar a formar parte del Patrimonio Inmaterial de la Humanidad por su gran carga est\u00e9tica, art\u00edstica, cultural... Leer M\u00e1s\" \/>\n<meta property=\"og:url\" content=\"https:\/\/pereboil.com\/es\/fallas\/\" \/>\n<meta property=\"og:site_name\" content=\"IES Pere Bo\u00efl\" \/>\n<meta property=\"article:published_time\" content=\"2016-03-23T14:51:28+00:00\" \/>\n<meta property=\"article:modified_time\" content=\"2016-07-14T08:19:40+00:00\" \/>\n<meta property=\"og:image\" content=\"https:\/\/pereboil.com\/wp-content\/uploads\/2016\/11\/img_default.jpg\" \/>\n\t<meta property=\"og:image:width\" content=\"350\" \/>\n\t<meta property=\"og:image:height\" content=\"280\" \/>\n\t<meta property=\"og:image:type\" content=\"image\/jpeg\" \/>\n<meta name=\"author\" content=\"admin\" \/>\n<meta name=\"twitter:card\" content=\"summary_large_image\" \/>\n<meta name=\"twitter:label1\" content=\"Escrito por\" \/>\n\t<meta name=\"twitter:data1\" content=\"admin\" \/>\n\t<meta name=\"twitter:label2\" content=\"Tiempo de lectura\" \/>\n\t<meta name=\"twitter:data2\" content=\"1 minuto\" \/>\n<script type=\"application\/ld+json\" class=\"yoast-schema-graph\">{\"@context\":\"https:\/\/schema.org\",\"@graph\":[{\"@type\":\"WebPage\",\"@id\":\"https:\/\/pereboil.com\/es\/fallas\/\",\"url\":\"https:\/\/pereboil.com\/es\/fallas\/\",\"name\":\"Fallas - IES Pere Bo\u00efl\",\"isPartOf\":{\"@id\":\"https:\/\/pereboil.com\/#website\"},\"primaryImageOfPage\":{\"@id\":\"https:\/\/pereboil.com\/es\/fallas\/#primaryimage\"},\"image\":{\"@id\":\"https:\/\/pereboil.com\/es\/fallas\/#primaryimage\"},\"thumbnailUrl\":\"https:\/\/pereboil.com\/wp-content\/uploads\/2025\/09\/logo-ies-pere-boil-def_logo-ies-pere-boil-principal-color.jpg\",\"datePublished\":\"2016-03-23T14:51:28+00:00\",\"dateModified\":\"2016-07-14T08:19:40+00:00\",\"author\":{\"@id\":\"https:\/\/pereboil.com\/#\/schema\/person\/3f9deaa1be0b4d8eb1d0851c9b8c86b3\"},\"breadcrumb\":{\"@id\":\"https:\/\/pereboil.com\/es\/fallas\/#breadcrumb\"},\"inLanguage\":\"es\",\"potentialAction\":[{\"@type\":\"ReadAction\",\"target\":[\"https:\/\/pereboil.com\/es\/fallas\/\"]}]},{\"@type\":\"ImageObject\",\"inLanguage\":\"es\",\"@id\":\"https:\/\/pereboil.com\/es\/fallas\/#primaryimage\",\"url\":\"https:\/\/pereboil.com\/wp-content\/uploads\/2025\/09\/logo-ies-pere-boil-def_logo-ies-pere-boil-principal-color.jpg\",\"contentUrl\":\"https:\/\/pereboil.com\/wp-content\/uploads\/2025\/09\/logo-ies-pere-boil-def_logo-ies-pere-boil-principal-color.jpg\",\"width\":2117,\"height\":799},{\"@type\":\"BreadcrumbList\",\"@id\":\"https:\/\/pereboil.com\/es\/fallas\/#breadcrumb\",\"itemListElement\":[{\"@type\":\"ListItem\",\"position\":1,\"name\":\"Inici\",\"item\":\"https:\/\/pereboil.com\/es\/\"},{\"@type\":\"ListItem\",\"position\":2,\"name\":\"Fallas\"}]},{\"@type\":\"WebSite\",\"@id\":\"https:\/\/pereboil.com\/#website\",\"url\":\"https:\/\/pereboil.com\/\",\"name\":\"IES Pere Bo\u00efl\",\"description\":\"IES Pere Bo\u00efl\",\"potentialAction\":[{\"@type\":\"SearchAction\",\"target\":{\"@type\":\"EntryPoint\",\"urlTemplate\":\"https:\/\/pereboil.com\/?s={search_term_string}\"},\"query-input\":\"required name=search_term_string\"}],\"inLanguage\":\"es\"},{\"@type\":\"Person\",\"@id\":\"https:\/\/pereboil.com\/#\/schema\/person\/3f9deaa1be0b4d8eb1d0851c9b8c86b3\",\"name\":\"admin\",\"image\":{\"@type\":\"ImageObject\",\"inLanguage\":\"es\",\"@id\":\"https:\/\/pereboil.com\/#\/schema\/person\/image\/\",\"url\":\"https:\/\/secure.gravatar.com\/avatar\/1821ad5b9bd3d2e87653d1627e037d44?s=96&d=mm&r=g\",\"contentUrl\":\"https:\/\/secure.gravatar.com\/avatar\/1821ad5b9bd3d2e87653d1627e037d44?s=96&d=mm&r=g\",\"caption\":\"admin\"},\"url\":\"https:\/\/pereboil.com\/es\/author\/admin\/\"}]}<\/script>\n<!-- \/ Yoast SEO plugin. -->","yoast_head_json":{"title":"Fallas - IES Pere Bo\u00efl","robots":{"index":"index","follow":"follow","max-snippet":"max-snippet:-1","max-image-preview":"max-image-preview:large","max-video-preview":"max-video-preview:-1"},"canonical":"https:\/\/pereboil.com\/es\/fallas\/","og_locale":"es_ES","og_type":"article","og_title":"Fallas - IES Pere Bo\u00efl","og_description":"Los alumnos de 4\u00ba de la ESO involucrados en el Programa Euroscola 2016 visitamos el pasado martes d\u00eda 15 las Fallas de Valencia en el d\u00eda de la \u201cPlant\u00e0\u201d. Dichos monumentos han sido propuestos a la UNESCO para entrar a formar parte del Patrimonio Inmaterial de la Humanidad por su gran carga est\u00e9tica, art\u00edstica, cultural... Leer M\u00e1s","og_url":"https:\/\/pereboil.com\/es\/fallas\/","og_site_name":"IES Pere Bo\u00efl","article_published_time":"2016-03-23T14:51:28+00:00","article_modified_time":"2016-07-14T08:19:40+00:00","og_image":[{"width":350,"height":280,"url":"https:\/\/pereboil.com\/wp-content\/uploads\/2016\/11\/img_default.jpg","type":"image\/jpeg"}],"author":"admin","twitter_card":"summary_large_image","twitter_misc":{"Escrito por":"admin","Tiempo de lectura":"1 minuto"},"schema":{"@context":"https:\/\/schema.org","@graph":[{"@type":"WebPage","@id":"https:\/\/pereboil.com\/es\/fallas\/","url":"https:\/\/pereboil.com\/es\/fallas\/","name":"Fallas - IES Pere Bo\u00efl","isPartOf":{"@id":"https:\/\/pereboil.com\/#website"},"primaryImageOfPage":{"@id":"https:\/\/pereboil.com\/es\/fallas\/#primaryimage"},"image":{"@id":"https:\/\/pereboil.com\/es\/fallas\/#primaryimage"},"thumbnailUrl":"https:\/\/pereboil.com\/wp-content\/uploads\/2025\/09\/logo-ies-pere-boil-def_logo-ies-pere-boil-principal-color.jpg","datePublished":"2016-03-23T14:51:28+00:00","dateModified":"2016-07-14T08:19:40+00:00","author":{"@id":"https:\/\/pereboil.com\/#\/schema\/person\/3f9deaa1be0b4d8eb1d0851c9b8c86b3"},"breadcrumb":{"@id":"https:\/\/pereboil.com\/es\/fallas\/#breadcrumb"},"inLanguage":"es","potentialAction":[{"@type":"ReadAction","target":["https:\/\/pereboil.com\/es\/fallas\/"]}]},{"@type":"ImageObject","inLanguage":"es","@id":"https:\/\/pereboil.com\/es\/fallas\/#primaryimage","url":"https:\/\/pereboil.com\/wp-content\/uploads\/2025\/09\/logo-ies-pere-boil-def_logo-ies-pere-boil-principal-color.jpg","contentUrl":"https:\/\/pereboil.com\/wp-content\/uploads\/2025\/09\/logo-ies-pere-boil-def_logo-ies-pere-boil-principal-color.jpg","width":2117,"height":799},{"@type":"BreadcrumbList","@id":"https:\/\/pereboil.com\/es\/fallas\/#breadcrumb","itemListElement":[{"@type":"ListItem","position":1,"name":"Inici","item":"https:\/\/pereboil.com\/es\/"},{"@type":"ListItem","position":2,"name":"Fallas"}]},{"@type":"WebSite","@id":"https:\/\/pereboil.com\/#website","url":"https:\/\/pereboil.com\/","name":"IES Pere Bo\u00efl","description":"IES Pere Bo\u00efl","potentialAction":[{"@type":"SearchAction","target":{"@type":"EntryPoint","urlTemplate":"https:\/\/pereboil.com\/?s={search_term_string}"},"query-input":"required name=search_term_string"}],"inLanguage":"es"},{"@type":"Person","@id":"https:\/\/pereboil.com\/#\/schema\/person\/3f9deaa1be0b4d8eb1d0851c9b8c86b3","name":"admin","image":{"@type":"ImageObject","inLanguage":"es","@id":"https:\/\/pereboil.com\/#\/schema\/person\/image\/","url":"https:\/\/secure.gravatar.com\/avatar\/1821ad5b9bd3d2e87653d1627e037d44?s=96&d=mm&r=g","contentUrl":"https:\/\/secure.gravatar.com\/avatar\/1821ad5b9bd3d2e87653d1627e037d44?s=96&d=mm&r=g","caption":"admin"},"url":"https:\/\/pereboil.com\/es\/author\/admin\/"}]}},"jetpack_featured_media_url":"https:\/\/pereboil.com\/wp-content\/uploads\/2025\/09\/logo-ies-pere-boil-def_logo-ies-pere-boil-principal-color.jpg","jetpack_sharing_enabled":true,"jetpack_shortlink":"https:\/\/wp.me\/s7xOKx-fallas","_links":{"self":[{"href":"https:\/\/pereboil.com\/es\/wp-json\/wp\/v2\/posts\/932"}],"collection":[{"href":"https:\/\/pereboil.com\/es\/wp-json\/wp\/v2\/posts"}],"about":[{"href":"https:\/\/pereboil.com\/es\/wp-json\/wp\/v2\/types\/post"}],"author":[{"embeddable":true,"href":"https:\/\/pereboil.com\/es\/wp-json\/wp\/v2\/users\/1"}],"replies":[{"embeddable":true,"href":"https:\/\/pereboil.com\/es\/wp-json\/wp\/v2\/comments?post=932"}],"version-history":[{"count":1,"href":"https:\/\/pereboil.com\/es\/wp-json\/wp\/v2\/posts\/932\/revisions"}],"predecessor-version":[{"id":1075,"href":"https:\/\/pereboil.com\/es\/wp-json\/wp\/v2\/posts\/932\/revisions\/1075"}],"wp:featuredmedia":[{"embeddable":true,"href":"https:\/\/pereboil.com\/es\/wp-json\/wp\/v2\/media\/21882"}],"wp:attachment":[{"href":"https:\/\/pereboil.com\/es\/wp-json\/wp\/v2\/media?parent=932"}],"wp:term":[{"taxonomy":"category","embeddable":true,"href":"https:\/\/pereboil.com\/es\/wp-json\/wp\/v2\/categories?post=932"},{"taxonomy":"post_tag","embeddable":true,"href":"https:\/\/pereboil.com\/es\/wp-json\/wp\/v2\/tags?post=932"}],"curies":[{"name":"wp","href":"https:\/\/api.w.org\/{rel}","templated":true}]}}