{"id":8072,"date":"2018-09-26T12:30:38","date_gmt":"2018-09-26T10:30:38","guid":{"rendered":"http:\/\/www.pereboil.com\/?p=8072"},"modified":"2018-09-26T12:35:57","modified_gmt":"2018-09-26T10:35:57","slug":"prorroga-ajudes-erasmus-ca103-per-a-practiques-en-empreses-europees","status":"publish","type":"post","link":"https:\/\/pereboil.com\/es\/prorroga-ajudes-erasmus-ca103-per-a-practiques-en-empreses-europees\/","title":{"rendered":"PR\u00d3RROGA AYUDAS ERASMUS KA103 PARA PR\u00c1CTICAS EN EMPRESAS EUROPEAS."},"content":{"rendered":"<p>Se prorroga la convocatoria de ayudas Erasmus para pr\u00e1cticas en empresas de pa\u00edses de la Uni\u00f3n Europea publicada en noviembre de 2017 para la concesi\u00f3n de becas que no han sido adjudicadas. (Ver convocatoria en la web del centro en \u201cNoticias!&gt;\u201dArchivos\u201d&gt;\u201dNoviembre 2017\u201d)<\/p>\n<p>Podr\u00e1n acceder a esta convocatoria aquellos alumnos\/as que realicen las FCT en el per\u00edodo extraordinario y tambi\u00e9n los\/las que obtengan el t\u00edtulo en enero de 2019 y deseen realizar pr\u00e1cticas despu\u00e9s de haber titulado y siempre que terminen las mismas antes del 31 de mayo del 2019.<\/p>\n<p>El plazo de presentaci\u00f3n de solicitudes se mantendr\u00e1 abierto hasta el 31 de enero de 2019.<\/p>\n<p>Las becas se asignar\u00e1n en el orden de entrega de solicitud en el registro de la secretar\u00eda del centro siempre y cuando se cumplan los requisitos y se superen las pruebas necesarias para su obtenci\u00f3n.<\/p>\n<p>&nbsp;<\/p>\n<h5 style=\"text-align: right\">Manises, 24 de septiembre de 2018.<\/h5>\n","protected":false},"excerpt":{"rendered":"<p>Se prorroga la convocatoria de ayudas Erasmus para pr\u00e1cticas en empresas de pa\u00edses de la Uni\u00f3n Europea publicada en noviembre de 2017 para la concesi\u00f3n de becas que no han sido adjudicadas. (Ver convocatoria en la web del centro en \u201cNoticias!&gt;\u201dArchivos\u201d&gt;\u201dNoviembre 2017\u201d) Podr\u00e1n acceder a esta convocatoria aquellos alumnos\/as que realicen las FCT en el&#8230; <a href=\"https:\/\/pereboil.com\/es\/prorroga-ajudes-erasmus-ca103-per-a-practiques-en-empreses-europees\/\" class=\"excerpt-read-more\">Leer M\u00e1s<\/a><\/p>\n","protected":false},"author":2,"featured_media":8066,"comment_status":"closed","ping_status":"closed","sticky":false,"template":"","format":"standard","meta":{"jetpack_post_was_ever_published":false,"_jetpack_newsletter_access":"","_jetpack_dont_email_post_to_subs":false,"_jetpack_newsletter_tier_id":0,"_jetpack_memberships_contains_paywalled_content":false,"_jetpack_memberships_contains_paid_content":false,"footnotes":"","jetpack_publicize_message":"","jetpack_publicize_feature_enabled":true,"jetpack_social_post_already_shared":true,"jetpack_social_options":{"image_generator_settings":{"template":"highway","enabled":false},"version":2}},"categories":[2],"tags":[],"class_list":["post-8072","post","type-post","status-publish","format-standard","has-post-thumbnail","hentry","category-general-es"],"jetpack_publicize_connections":[],"yoast_head":"<!-- This site is optimized with the Yoast SEO plugin v23.0 - https:\/\/yoast.com\/wordpress\/plugins\/seo\/ -->\n<title>PR\u00d3RROGA AYUDAS ERASMUS KA103 PARA PR\u00c1CTICAS EN EMPRESAS EUROPEAS. - IES Pere Bo\u00efl<\/title>\n<meta name=\"robots\" content=\"index, follow, max-snippet:-1, max-image-preview:large, max-video-preview:-1\" \/>\n<link rel=\"canonical\" href=\"https:\/\/pereboil.com\/es\/prorroga-ajudes-erasmus-ca103-per-a-practiques-en-empreses-europees\/\" \/>\n<meta property=\"og:locale\" content=\"es_ES\" \/>\n<meta property=\"og:type\" content=\"article\" \/>\n<meta property=\"og:title\" content=\"PR\u00d3RROGA AYUDAS ERASMUS KA103 PARA PR\u00c1CTICAS EN EMPRESAS EUROPEAS. - IES Pere Bo\u00efl\" \/>\n<meta property=\"og:description\" content=\"Se prorroga la convocatoria de ayudas Erasmus para pr\u00e1cticas en empresas de pa\u00edses de la Uni\u00f3n Europea publicada en noviembre de 2017 para la concesi\u00f3n de becas que no han sido adjudicadas. (Ver convocatoria en la web del centro en \u201cNoticias!&gt;\u201dArchivos\u201d&gt;\u201dNoviembre 2017\u201d) Podr\u00e1n acceder a esta convocatoria aquellos alumnos\/as que realicen las FCT en el... Leer M\u00e1s\" \/>\n<meta property=\"og:url\" content=\"https:\/\/pereboil.com\/es\/prorroga-ajudes-erasmus-ca103-per-a-practiques-en-empreses-europees\/\" \/>\n<meta property=\"og:site_name\" content=\"IES Pere Bo\u00efl\" \/>\n<meta property=\"article:published_time\" content=\"2018-09-26T10:30:38+00:00\" \/>\n<meta property=\"article:modified_time\" content=\"2018-09-26T10:35:57+00:00\" \/>\n<meta property=\"og:image\" content=\"https:\/\/pereboil.com\/wp-content\/uploads\/2018\/09\/erasmusx_300-200.jpg\" \/>\n\t<meta property=\"og:image:width\" content=\"900\" \/>\n\t<meta property=\"og:image:height\" content=\"600\" \/>\n\t<meta property=\"og:image:type\" content=\"image\/jpeg\" \/>\n<meta name=\"author\" content=\"pereboil\" \/>\n<meta name=\"twitter:card\" content=\"summary_large_image\" \/>\n<meta name=\"twitter:label1\" content=\"Escrito por\" \/>\n\t<meta name=\"twitter:data1\" content=\"pereboil\" \/>\n\t<meta name=\"twitter:label2\" content=\"Tiempo de lectura\" \/>\n\t<meta name=\"twitter:data2\" content=\"1 minuto\" \/>\n<script type=\"application\/ld+json\" class=\"yoast-schema-graph\">{\"@context\":\"https:\/\/schema.org\",\"@graph\":[{\"@type\":\"WebPage\",\"@id\":\"https:\/\/pereboil.com\/es\/prorroga-ajudes-erasmus-ca103-per-a-practiques-en-empreses-europees\/\",\"url\":\"https:\/\/pereboil.com\/es\/prorroga-ajudes-erasmus-ca103-per-a-practiques-en-empreses-europees\/\",\"name\":\"PR\u00d3RROGA AYUDAS ERASMUS KA103 PARA PR\u00c1CTICAS EN EMPRESAS EUROPEAS. - IES Pere Bo\u00efl\",\"isPartOf\":{\"@id\":\"https:\/\/pereboil.com\/#website\"},\"primaryImageOfPage\":{\"@id\":\"https:\/\/pereboil.com\/es\/prorroga-ajudes-erasmus-ca103-per-a-practiques-en-empreses-europees\/#primaryimage\"},\"image\":{\"@id\":\"https:\/\/pereboil.com\/es\/prorroga-ajudes-erasmus-ca103-per-a-practiques-en-empreses-europees\/#primaryimage\"},\"thumbnailUrl\":\"https:\/\/pereboil.com\/wp-content\/uploads\/2018\/09\/erasmusx_300-200.jpg\",\"datePublished\":\"2018-09-26T10:30:38+00:00\",\"dateModified\":\"2018-09-26T10:35:57+00:00\",\"author\":{\"@id\":\"https:\/\/pereboil.com\/#\/schema\/person\/df0ec777cbf2256241475f17d2c2eaa8\"},\"breadcrumb\":{\"@id\":\"https:\/\/pereboil.com\/es\/prorroga-ajudes-erasmus-ca103-per-a-practiques-en-empreses-europees\/#breadcrumb\"},\"inLanguage\":\"es\",\"potentialAction\":[{\"@type\":\"ReadAction\",\"target\":[\"https:\/\/pereboil.com\/es\/prorroga-ajudes-erasmus-ca103-per-a-practiques-en-empreses-europees\/\"]}]},{\"@type\":\"ImageObject\",\"inLanguage\":\"es\",\"@id\":\"https:\/\/pereboil.com\/es\/prorroga-ajudes-erasmus-ca103-per-a-practiques-en-empreses-europees\/#primaryimage\",\"url\":\"https:\/\/pereboil.com\/wp-content\/uploads\/2018\/09\/erasmusx_300-200.jpg\",\"contentUrl\":\"https:\/\/pereboil.com\/wp-content\/uploads\/2018\/09\/erasmusx_300-200.jpg\",\"width\":900,\"height\":600},{\"@type\":\"BreadcrumbList\",\"@id\":\"https:\/\/pereboil.com\/es\/prorroga-ajudes-erasmus-ca103-per-a-practiques-en-empreses-europees\/#breadcrumb\",\"itemListElement\":[{\"@type\":\"ListItem\",\"position\":1,\"name\":\"Inici\",\"item\":\"https:\/\/pereboil.com\/es\/\"},{\"@type\":\"ListItem\",\"position\":2,\"name\":\"PR\u00d3RROGA AYUDAS ERASMUS KA103 PARA PR\u00c1CTICAS EN EMPRESAS EUROPEAS.\"}]},{\"@type\":\"WebSite\",\"@id\":\"https:\/\/pereboil.com\/#website\",\"url\":\"https:\/\/pereboil.com\/\",\"name\":\"IES Pere Bo\u00efl\",\"description\":\"IES Pere Bo\u00efl\",\"potentialAction\":[{\"@type\":\"SearchAction\",\"target\":{\"@type\":\"EntryPoint\",\"urlTemplate\":\"https:\/\/pereboil.com\/?s={search_term_string}\"},\"query-input\":\"required name=search_term_string\"}],\"inLanguage\":\"es\"},{\"@type\":\"Person\",\"@id\":\"https:\/\/pereboil.com\/#\/schema\/person\/df0ec777cbf2256241475f17d2c2eaa8\",\"name\":\"pereboil\",\"image\":{\"@type\":\"ImageObject\",\"inLanguage\":\"es\",\"@id\":\"https:\/\/pereboil.com\/#\/schema\/person\/image\/\",\"url\":\"https:\/\/secure.gravatar.com\/avatar\/7d12a41ff5a2c0654e5b7c09dbe3f636?s=96&d=mm&r=g\",\"contentUrl\":\"https:\/\/secure.gravatar.com\/avatar\/7d12a41ff5a2c0654e5b7c09dbe3f636?s=96&d=mm&r=g\",\"caption\":\"pereboil\"},\"url\":\"https:\/\/pereboil.com\/es\/author\/pereboil\/\"}]}<\/script>\n<!-- \/ Yoast SEO plugin. -->","yoast_head_json":{"title":"PR\u00d3RROGA AYUDAS ERASMUS KA103 PARA PR\u00c1CTICAS EN EMPRESAS EUROPEAS. - IES Pere Bo\u00efl","robots":{"index":"index","follow":"follow","max-snippet":"max-snippet:-1","max-image-preview":"max-image-preview:large","max-video-preview":"max-video-preview:-1"},"canonical":"https:\/\/pereboil.com\/es\/prorroga-ajudes-erasmus-ca103-per-a-practiques-en-empreses-europees\/","og_locale":"es_ES","og_type":"article","og_title":"PR\u00d3RROGA AYUDAS ERASMUS KA103 PARA PR\u00c1CTICAS EN EMPRESAS EUROPEAS. - IES Pere Bo\u00efl","og_description":"Se prorroga la convocatoria de ayudas Erasmus para pr\u00e1cticas en empresas de pa\u00edses de la Uni\u00f3n Europea publicada en noviembre de 2017 para la concesi\u00f3n de becas que no han sido adjudicadas. (Ver convocatoria en la web del centro en \u201cNoticias!&gt;\u201dArchivos\u201d&gt;\u201dNoviembre 2017\u201d) Podr\u00e1n acceder a esta convocatoria aquellos alumnos\/as que realicen las FCT en el... Leer M\u00e1s","og_url":"https:\/\/pereboil.com\/es\/prorroga-ajudes-erasmus-ca103-per-a-practiques-en-empreses-europees\/","og_site_name":"IES Pere Bo\u00efl","article_published_time":"2018-09-26T10:30:38+00:00","article_modified_time":"2018-09-26T10:35:57+00:00","og_image":[{"width":900,"height":600,"url":"https:\/\/pereboil.com\/wp-content\/uploads\/2018\/09\/erasmusx_300-200.jpg","type":"image\/jpeg"}],"author":"pereboil","twitter_card":"summary_large_image","twitter_misc":{"Escrito por":"pereboil","Tiempo de lectura":"1 minuto"},"schema":{"@context":"https:\/\/schema.org","@graph":[{"@type":"WebPage","@id":"https:\/\/pereboil.com\/es\/prorroga-ajudes-erasmus-ca103-per-a-practiques-en-empreses-europees\/","url":"https:\/\/pereboil.com\/es\/prorroga-ajudes-erasmus-ca103-per-a-practiques-en-empreses-europees\/","name":"PR\u00d3RROGA AYUDAS ERASMUS KA103 PARA PR\u00c1CTICAS EN EMPRESAS EUROPEAS. - IES Pere Bo\u00efl","isPartOf":{"@id":"https:\/\/pereboil.com\/#website"},"primaryImageOfPage":{"@id":"https:\/\/pereboil.com\/es\/prorroga-ajudes-erasmus-ca103-per-a-practiques-en-empreses-europees\/#primaryimage"},"image":{"@id":"https:\/\/pereboil.com\/es\/prorroga-ajudes-erasmus-ca103-per-a-practiques-en-empreses-europees\/#primaryimage"},"thumbnailUrl":"https:\/\/pereboil.com\/wp-content\/uploads\/2018\/09\/erasmusx_300-200.jpg","datePublished":"2018-09-26T10:30:38+00:00","dateModified":"2018-09-26T10:35:57+00:00","author":{"@id":"https:\/\/pereboil.com\/#\/schema\/person\/df0ec777cbf2256241475f17d2c2eaa8"},"breadcrumb":{"@id":"https:\/\/pereboil.com\/es\/prorroga-ajudes-erasmus-ca103-per-a-practiques-en-empreses-europees\/#breadcrumb"},"inLanguage":"es","potentialAction":[{"@type":"ReadAction","target":["https:\/\/pereboil.com\/es\/prorroga-ajudes-erasmus-ca103-per-a-practiques-en-empreses-europees\/"]}]},{"@type":"ImageObject","inLanguage":"es","@id":"https:\/\/pereboil.com\/es\/prorroga-ajudes-erasmus-ca103-per-a-practiques-en-empreses-europees\/#primaryimage","url":"https:\/\/pereboil.com\/wp-content\/uploads\/2018\/09\/erasmusx_300-200.jpg","contentUrl":"https:\/\/pereboil.com\/wp-content\/uploads\/2018\/09\/erasmusx_300-200.jpg","width":900,"height":600},{"@type":"BreadcrumbList","@id":"https:\/\/pereboil.com\/es\/prorroga-ajudes-erasmus-ca103-per-a-practiques-en-empreses-europees\/#breadcrumb","itemListElement":[{"@type":"ListItem","position":1,"name":"Inici","item":"https:\/\/pereboil.com\/es\/"},{"@type":"ListItem","position":2,"name":"PR\u00d3RROGA AYUDAS ERASMUS KA103 PARA PR\u00c1CTICAS EN EMPRESAS EUROPEAS."}]},{"@type":"WebSite","@id":"https:\/\/pereboil.com\/#website","url":"https:\/\/pereboil.com\/","name":"IES Pere Bo\u00efl","description":"IES Pere Bo\u00efl","potentialAction":[{"@type":"SearchAction","target":{"@type":"EntryPoint","urlTemplate":"https:\/\/pereboil.com\/?s={search_term_string}"},"query-input":"required name=search_term_string"}],"inLanguage":"es"},{"@type":"Person","@id":"https:\/\/pereboil.com\/#\/schema\/person\/df0ec777cbf2256241475f17d2c2eaa8","name":"pereboil","image":{"@type":"ImageObject","inLanguage":"es","@id":"https:\/\/pereboil.com\/#\/schema\/person\/image\/","url":"https:\/\/secure.gravatar.com\/avatar\/7d12a41ff5a2c0654e5b7c09dbe3f636?s=96&d=mm&r=g","contentUrl":"https:\/\/secure.gravatar.com\/avatar\/7d12a41ff5a2c0654e5b7c09dbe3f636?s=96&d=mm&r=g","caption":"pereboil"},"url":"https:\/\/pereboil.com\/es\/author\/pereboil\/"}]}},"jetpack_featured_media_url":"https:\/\/pereboil.com\/wp-content\/uploads\/2018\/09\/erasmusx_300-200.jpg","jetpack_sharing_enabled":true,"jetpack_shortlink":"https:\/\/wp.me\/p7xOKx-26c","_links":{"self":[{"href":"https:\/\/pereboil.com\/es\/wp-json\/wp\/v2\/posts\/8072"}],"collection":[{"href":"https:\/\/pereboil.com\/es\/wp-json\/wp\/v2\/posts"}],"about":[{"href":"https:\/\/pereboil.com\/es\/wp-json\/wp\/v2\/types\/post"}],"author":[{"embeddable":true,"href":"https:\/\/pereboil.com\/es\/wp-json\/wp\/v2\/users\/2"}],"replies":[{"embeddable":true,"href":"https:\/\/pereboil.com\/es\/wp-json\/wp\/v2\/comments?post=8072"}],"version-history":[{"count":2,"href":"https:\/\/pereboil.com\/es\/wp-json\/wp\/v2\/posts\/8072\/revisions"}],"predecessor-version":[{"id":8076,"href":"https:\/\/pereboil.com\/es\/wp-json\/wp\/v2\/posts\/8072\/revisions\/8076"}],"wp:featuredmedia":[{"embeddable":true,"href":"https:\/\/pereboil.com\/es\/wp-json\/wp\/v2\/media\/8066"}],"wp:attachment":[{"href":"https:\/\/pereboil.com\/es\/wp-json\/wp\/v2\/media?parent=8072"}],"wp:term":[{"taxonomy":"category","embeddable":true,"href":"https:\/\/pereboil.com\/es\/wp-json\/wp\/v2\/categories?post=8072"},{"taxonomy":"post_tag","embeddable":true,"href":"https:\/\/pereboil.com\/es\/wp-json\/wp\/v2\/tags?post=8072"}],"curies":[{"name":"wp","href":"https:\/\/api.w.org\/{rel}","templated":true}]}}