{"id":5006,"date":"2017-06-09T13:36:38","date_gmt":"2017-06-09T11:36:38","guid":{"rendered":"http:\/\/www.pereboil.com\/?p=5006\/"},"modified":"2017-06-09T13:36:38","modified_gmt":"2017-06-09T11:36:38","slug":"matricula-ciclos-formativos-curso-201718","status":"publish","type":"post","link":"https:\/\/pereboil.com\/es\/matricula-ciclos-formativos-curso-201718\/","title":{"rendered":"MATRICULA CICLOS FORMATIVOS CURSO 2017\/18"},"content":{"rendered":"<p style=\"text-align: center\"><strong>MATRICULA CICLOS FORMATIVOS CURSO 2017\/18<\/strong><\/p>\n<p>&nbsp;<\/p>\n<table style=\"border-color: #000000\" width=\"1275\">\n<tbody>\n<tr>\n<td style=\"width: 391.2px\"><strong>CURSO<\/strong><\/td>\n<td style=\"width: 246.4px\"><strong>Recogida del sobre<\/strong><\/td>\n<td style=\"width: 616.8px\"><strong>FECHA Y HORA DE MATRICULA<\/strong><\/td>\n<\/tr>\n<tr>\n<td style=\"width: 1265.6px\" colspan=\"3\"><u>SEGUNDO DE CICLOS FORMATIVOS<\/u><\/td>\n<\/tr>\n<tr>\n<td style=\"width: 391.2px\">2FPB<\/td>\n<td style=\"width: 246.4px\">A partir del 22 de junio<\/td>\n<td style=\"width: 616.8px\">\u2022\u00a0\u00a0\u00a0 Alumnos <strong>SIN<\/strong> m\u00f3dulos <strong>pendientes<\/strong> LUNES 26 de junio<\/p>\n<p>\u2022\u00a0\u00a0\u00a0 Alumnos\u00a0 <strong>CON <\/strong>m\u00f3dulos pendientes MIERCOLES 5 de julio<\/td>\n<\/tr>\n<tr>\n<td style=\"width: 391.2px\">2CFGM INSTALACIONES DE TELECOMUNICACIONES<\/td>\n<td style=\"width: 246.4px\">A partir del 22 de junio<\/td>\n<td style=\"width: 616.8px\">\u2022\u00a0\u00a0\u00a0 Alumnos <strong>SIN<\/strong> m\u00f3dulos <strong>pendientes<\/strong> LUNES 26 de junio<\/p>\n<p>\u2022\u00a0\u00a0\u00a0 Alumnos\u00a0 <strong>CON <\/strong>m\u00f3dulos pendientes MIERCOLES 5 de julio<\/td>\n<\/tr>\n<tr>\n<td style=\"width: 391.2px\">2CFGM GESTI\u00d3N ADMINISTRATIVA<\/td>\n<td style=\"width: 246.4px\">A partir del 22 de junio<\/td>\n<td style=\"width: 616.8px\">\u2022\u00a0\u00a0\u00a0 Alumnos <strong>SIN<\/strong> m\u00f3dulos <strong>pendientes<\/strong> MARTES 27 de junio<\/p>\n<p>\u2022\u00a0\u00a0\u00a0 Alumnos\u00a0 <strong>CON <\/strong>m\u00f3dulos pendientes MIERCOLES 5 de julio<\/td>\n<\/tr>\n<tr>\n<td style=\"width: 391.2px\">2CFGM ACTIVIDADES COMERCIALES<\/td>\n<td style=\"width: 246.4px\">A partir del 22 de junio<\/td>\n<td style=\"width: 616.8px\">\u2022\u00a0\u00a0\u00a0 Alumnos <strong>SIN<\/strong> m\u00f3dulos <strong>pendientes<\/strong> MIERCOLES 28 de junio<\/p>\n<p>\u2022\u00a0\u00a0\u00a0 Alumnos\u00a0 <strong>CON <\/strong>m\u00f3dulos pendientes JUEVES 6 de julio<\/td>\n<\/tr>\n<tr>\n<td style=\"width: 391.2px\">2 CFGS ADMINISTRACI\u00d3N Y FINANZAS<\/td>\n<td style=\"width: 246.4px\">A partir del 22 de junio<\/td>\n<td style=\"width: 616.8px\">\u2022\u00a0\u00a0\u00a0 Alumnos <strong>SIN<\/strong> m\u00f3dulos <strong>pendientes<\/strong> JUEVES 29 de junio<\/p>\n<p>\u2022\u00a0\u00a0\u00a0 Alumnos\u00a0 <strong>CON <\/strong>m\u00f3dulos pendientes JUEVES 6 de julio<\/td>\n<\/tr>\n<tr>\n<td style=\"width: 391.2px\">2CFGS COMERCIO INTERNACIONAL<\/td>\n<td style=\"width: 246.4px\">A partir del 22 de junio<\/td>\n<td style=\"width: 616.8px\">\u2022\u00a0\u00a0\u00a0 Alumnos <strong>SIN<\/strong> m\u00f3dulos <strong>pendientes<\/strong> VIERNES 30 de junio<\/p>\n<p>\u2022\u00a0\u00a0\u00a0 Alumnos <strong>CON <\/strong>m\u00f3dulos pendientes JUEVES 6 de julio<\/td>\n<\/tr>\n<tr>\n<td style=\"width: 1265.6px\" colspan=\"3\"><u>PRIMERO CICLOS FORMATIVOS<\/u><\/td>\n<\/tr>\n<tr>\n<td style=\"width: 391.2px\">1FPB<\/td>\n<td style=\"width: 246.4px\">A partir del 20 de julio<\/td>\n<td style=\"width: 616.8px\">LUNES 24 de julio<\/td>\n<\/tr>\n<tr>\n<td style=\"width: 391.2px\">1CFGM INSTALACIONES DE TELECOMUNICACIONES<\/td>\n<td style=\"width: 246.4px\">A partir del 20 de julio<\/td>\n<td style=\"width: 616.8px\">LUNES 24 de julio<\/td>\n<\/tr>\n<tr>\n<td style=\"width: 391.2px\">1CFGM GESTI\u00d3N ADMINISTRATIVA<\/td>\n<td style=\"width: 246.4px\">A partir del 20 de julio<\/td>\n<td style=\"width: 616.8px\">LUNES 24 de julio<\/td>\n<\/tr>\n<tr>\n<td style=\"width: 391.2px\">1CFGM ACTIVIDADES COMERCIALES<\/td>\n<td style=\"width: 246.4px\">A partir del 20 de julio<\/td>\n<td style=\"width: 616.8px\">MARTES 25 de julio<\/td>\n<\/tr>\n<tr>\n<td style=\"width: 391.2px\">1CFGS ADMINISTRACI\u00d3N Y FINANZAS<\/td>\n<td style=\"width: 246.4px\">A partir del 20 de julio<\/td>\n<td style=\"width: 616.8px\">MARTES 25 de julio<\/td>\n<\/tr>\n<tr>\n<td style=\"width: 391.2px\">1CFGS COMERCIO INTERNACIONAL<\/td>\n<td style=\"width: 246.4px\">A partir del 20 de julio<\/td>\n<td style=\"width: 616.8px\">MIERCOLES 26 de julio<\/td>\n<\/tr>\n<tr>\n<td style=\"width: 1265.6px\" colspan=\"3\">COMERCIO INTERNACIONAL SEMIPRESENCIAL<\/td>\n<\/tr>\n<tr>\n<td style=\"width: 391.2px\">Todos<\/td>\n<td style=\"width: 246.4px\">A partir del 20 de julio<\/td>\n<td style=\"width: 616.8px\">JUEVES 27 de julio<\/td>\n<\/tr>\n<\/tbody>\n<\/table>\n<p>&nbsp;<\/p>\n<p><strong>NOTAS:<\/strong><\/p>\n<ul>\n<li><em>Los alumnos deben pasar por secretaria a solicitar las tasas el mismo d\u00eda de la recogida del sobre.<\/em><\/li>\n<li><em>El horario de secretaria para la matricula ser\u00e1 de 9:30 h a 13:30 los d\u00edas marcados<\/em><\/li>\n<li><em>El horario de conserjer\u00eda para la recogida de sobres ser\u00e1 de 9:30 a 17:30 en junio y de 9:30 a 14:30 en julio.<\/em><\/li>\n<li><em>Si por alg\u00fan motivo el alumno\/a no puede venir a matricularse en las fechas indicadas por el centro, para gestionar mejor el proceso de matriculaci\u00f3n, se le atender\u00e1 dentro de las fechas arriba indicadas y del horario de atenci\u00f3n de la secretaria.<\/em><\/li>\n<li><strong><em>El proceso de formalizaci\u00f3n de matr\u00edcula de Ciclos Formativos acaba el 28 de julio tal y como consta en la Resoluci\u00f3n del 31 de marzo de 2017 que rige el proceso de admisi\u00f3n. Si llegada esa fecha no se ha formalizado la matricula con la entrega del sobre y el pago de la tasa la plaza quedar\u00e1 vacante.<\/em><\/strong><\/li>\n<\/ul>\n","protected":false},"excerpt":{"rendered":"<p>MATRICULA CICLOS FORMATIVOS CURSO 2017\/18 &nbsp; CURSO Recogida del sobre FECHA Y HORA DE MATRICULA SEGUNDO DE CICLOS FORMATIVOS 2FPB A partir del 22 de junio \u2022\u00a0\u00a0\u00a0 Alumnos SIN m\u00f3dulos pendientes LUNES 26 de junio \u2022\u00a0\u00a0\u00a0 Alumnos\u00a0 CON m\u00f3dulos pendientes MIERCOLES 5 de julio 2CFGM INSTALACIONES DE TELECOMUNICACIONES A partir del 22 de junio \u2022\u00a0\u00a0\u00a0&#8230; <a href=\"https:\/\/pereboil.com\/es\/matricula-ciclos-formativos-curso-201718\/\" class=\"excerpt-read-more\">Leer M\u00e1s<\/a><\/p>\n","protected":false},"author":2,"featured_media":21882,"comment_status":"closed","ping_status":"closed","sticky":false,"template":"","format":"standard","meta":{"jetpack_post_was_ever_published":false,"_jetpack_newsletter_access":"","_jetpack_dont_email_post_to_subs":false,"_jetpack_newsletter_tier_id":0,"_jetpack_memberships_contains_paywalled_content":false,"_jetpack_memberships_contains_paid_content":false,"footnotes":"","jetpack_publicize_message":"","jetpack_publicize_feature_enabled":true,"jetpack_social_post_already_shared":true,"jetpack_social_options":{"image_generator_settings":{"template":"highway","enabled":false},"version":2}},"categories":[2],"tags":[193],"class_list":["post-5006","post","type-post","status-publish","format-standard","has-post-thumbnail","hentry","category-general-es","tag-matricula2017"],"jetpack_publicize_connections":[],"yoast_head":"<!-- This site is optimized with the Yoast SEO plugin v23.0 - https:\/\/yoast.com\/wordpress\/plugins\/seo\/ -->\n<title>MATRICULA CICLOS FORMATIVOS CURSO 2017\/18 - IES Pere Bo\u00efl<\/title>\n<meta name=\"robots\" content=\"index, follow, max-snippet:-1, max-image-preview:large, max-video-preview:-1\" \/>\n<link rel=\"canonical\" href=\"https:\/\/pereboil.com\/es\/matricula-ciclos-formativos-curso-201718\/\" \/>\n<meta property=\"og:locale\" content=\"es_ES\" \/>\n<meta property=\"og:type\" content=\"article\" \/>\n<meta property=\"og:title\" content=\"MATRICULA CICLOS FORMATIVOS CURSO 2017\/18 - IES Pere Bo\u00efl\" \/>\n<meta property=\"og:description\" content=\"MATRICULA CICLOS FORMATIVOS CURSO 2017\/18 &nbsp; CURSO Recogida del sobre FECHA Y HORA DE MATRICULA SEGUNDO DE CICLOS FORMATIVOS 2FPB A partir del 22 de junio \u2022\u00a0\u00a0\u00a0 Alumnos SIN m\u00f3dulos pendientes LUNES 26 de junio \u2022\u00a0\u00a0\u00a0 Alumnos\u00a0 CON m\u00f3dulos pendientes MIERCOLES 5 de julio 2CFGM INSTALACIONES DE TELECOMUNICACIONES A partir del 22 de junio \u2022\u00a0\u00a0\u00a0... Leer M\u00e1s\" \/>\n<meta property=\"og:url\" content=\"https:\/\/pereboil.com\/es\/matricula-ciclos-formativos-curso-201718\/\" \/>\n<meta property=\"og:site_name\" content=\"IES Pere Bo\u00efl\" \/>\n<meta property=\"article:published_time\" content=\"2017-06-09T11:36:38+00:00\" \/>\n<meta property=\"og:image\" content=\"https:\/\/pereboil.com\/wp-content\/uploads\/2016\/11\/img_default.jpg\" \/>\n\t<meta property=\"og:image:width\" content=\"350\" \/>\n\t<meta property=\"og:image:height\" content=\"280\" \/>\n\t<meta property=\"og:image:type\" content=\"image\/jpeg\" \/>\n<meta name=\"author\" content=\"pereboil\" \/>\n<meta name=\"twitter:card\" content=\"summary_large_image\" \/>\n<meta name=\"twitter:label1\" content=\"Escrito por\" \/>\n\t<meta name=\"twitter:data1\" content=\"pereboil\" \/>\n\t<meta name=\"twitter:label2\" content=\"Tiempo de lectura\" \/>\n\t<meta name=\"twitter:data2\" content=\"2 minutos\" \/>\n<script type=\"application\/ld+json\" class=\"yoast-schema-graph\">{\"@context\":\"https:\/\/schema.org\",\"@graph\":[{\"@type\":\"WebPage\",\"@id\":\"https:\/\/pereboil.com\/es\/matricula-ciclos-formativos-curso-201718\/\",\"url\":\"https:\/\/pereboil.com\/es\/matricula-ciclos-formativos-curso-201718\/\",\"name\":\"MATRICULA CICLOS FORMATIVOS CURSO 2017\/18 - IES Pere Bo\u00efl\",\"isPartOf\":{\"@id\":\"https:\/\/pereboil.com\/#website\"},\"primaryImageOfPage\":{\"@id\":\"https:\/\/pereboil.com\/es\/matricula-ciclos-formativos-curso-201718\/#primaryimage\"},\"image\":{\"@id\":\"https:\/\/pereboil.com\/es\/matricula-ciclos-formativos-curso-201718\/#primaryimage\"},\"thumbnailUrl\":\"https:\/\/pereboil.com\/wp-content\/uploads\/2025\/09\/logo-ies-pere-boil-def_logo-ies-pere-boil-principal-color.jpg\",\"datePublished\":\"2017-06-09T11:36:38+00:00\",\"dateModified\":\"2017-06-09T11:36:38+00:00\",\"author\":{\"@id\":\"https:\/\/pereboil.com\/#\/schema\/person\/df0ec777cbf2256241475f17d2c2eaa8\"},\"breadcrumb\":{\"@id\":\"https:\/\/pereboil.com\/es\/matricula-ciclos-formativos-curso-201718\/#breadcrumb\"},\"inLanguage\":\"es\",\"potentialAction\":[{\"@type\":\"ReadAction\",\"target\":[\"https:\/\/pereboil.com\/es\/matricula-ciclos-formativos-curso-201718\/\"]}]},{\"@type\":\"ImageObject\",\"inLanguage\":\"es\",\"@id\":\"https:\/\/pereboil.com\/es\/matricula-ciclos-formativos-curso-201718\/#primaryimage\",\"url\":\"https:\/\/pereboil.com\/wp-content\/uploads\/2025\/09\/logo-ies-pere-boil-def_logo-ies-pere-boil-principal-color.jpg\",\"contentUrl\":\"https:\/\/pereboil.com\/wp-content\/uploads\/2025\/09\/logo-ies-pere-boil-def_logo-ies-pere-boil-principal-color.jpg\",\"width\":2117,\"height\":799},{\"@type\":\"BreadcrumbList\",\"@id\":\"https:\/\/pereboil.com\/es\/matricula-ciclos-formativos-curso-201718\/#breadcrumb\",\"itemListElement\":[{\"@type\":\"ListItem\",\"position\":1,\"name\":\"Inici\",\"item\":\"https:\/\/pereboil.com\/es\/\"},{\"@type\":\"ListItem\",\"position\":2,\"name\":\"MATRICULA CICLOS FORMATIVOS CURSO 2017\/18\"}]},{\"@type\":\"WebSite\",\"@id\":\"https:\/\/pereboil.com\/#website\",\"url\":\"https:\/\/pereboil.com\/\",\"name\":\"IES Pere Bo\u00efl\",\"description\":\"IES Pere Bo\u00efl\",\"potentialAction\":[{\"@type\":\"SearchAction\",\"target\":{\"@type\":\"EntryPoint\",\"urlTemplate\":\"https:\/\/pereboil.com\/?s={search_term_string}\"},\"query-input\":\"required name=search_term_string\"}],\"inLanguage\":\"es\"},{\"@type\":\"Person\",\"@id\":\"https:\/\/pereboil.com\/#\/schema\/person\/df0ec777cbf2256241475f17d2c2eaa8\",\"name\":\"pereboil\",\"image\":{\"@type\":\"ImageObject\",\"inLanguage\":\"es\",\"@id\":\"https:\/\/pereboil.com\/#\/schema\/person\/image\/\",\"url\":\"https:\/\/secure.gravatar.com\/avatar\/7d12a41ff5a2c0654e5b7c09dbe3f636?s=96&d=mm&r=g\",\"contentUrl\":\"https:\/\/secure.gravatar.com\/avatar\/7d12a41ff5a2c0654e5b7c09dbe3f636?s=96&d=mm&r=g\",\"caption\":\"pereboil\"},\"url\":\"https:\/\/pereboil.com\/es\/author\/pereboil\/\"}]}<\/script>\n<!-- \/ Yoast SEO plugin. -->","yoast_head_json":{"title":"MATRICULA CICLOS FORMATIVOS CURSO 2017\/18 - IES Pere Bo\u00efl","robots":{"index":"index","follow":"follow","max-snippet":"max-snippet:-1","max-image-preview":"max-image-preview:large","max-video-preview":"max-video-preview:-1"},"canonical":"https:\/\/pereboil.com\/es\/matricula-ciclos-formativos-curso-201718\/","og_locale":"es_ES","og_type":"article","og_title":"MATRICULA CICLOS FORMATIVOS CURSO 2017\/18 - IES Pere Bo\u00efl","og_description":"MATRICULA CICLOS FORMATIVOS CURSO 2017\/18 &nbsp; CURSO Recogida del sobre FECHA Y HORA DE MATRICULA SEGUNDO DE CICLOS FORMATIVOS 2FPB A partir del 22 de junio \u2022\u00a0\u00a0\u00a0 Alumnos SIN m\u00f3dulos pendientes LUNES 26 de junio \u2022\u00a0\u00a0\u00a0 Alumnos\u00a0 CON m\u00f3dulos pendientes MIERCOLES 5 de julio 2CFGM INSTALACIONES DE TELECOMUNICACIONES A partir del 22 de junio \u2022\u00a0\u00a0\u00a0... Leer M\u00e1s","og_url":"https:\/\/pereboil.com\/es\/matricula-ciclos-formativos-curso-201718\/","og_site_name":"IES Pere Bo\u00efl","article_published_time":"2017-06-09T11:36:38+00:00","og_image":[{"width":350,"height":280,"url":"https:\/\/pereboil.com\/wp-content\/uploads\/2016\/11\/img_default.jpg","type":"image\/jpeg"}],"author":"pereboil","twitter_card":"summary_large_image","twitter_misc":{"Escrito por":"pereboil","Tiempo de lectura":"2 minutos"},"schema":{"@context":"https:\/\/schema.org","@graph":[{"@type":"WebPage","@id":"https:\/\/pereboil.com\/es\/matricula-ciclos-formativos-curso-201718\/","url":"https:\/\/pereboil.com\/es\/matricula-ciclos-formativos-curso-201718\/","name":"MATRICULA CICLOS FORMATIVOS CURSO 2017\/18 - IES Pere Bo\u00efl","isPartOf":{"@id":"https:\/\/pereboil.com\/#website"},"primaryImageOfPage":{"@id":"https:\/\/pereboil.com\/es\/matricula-ciclos-formativos-curso-201718\/#primaryimage"},"image":{"@id":"https:\/\/pereboil.com\/es\/matricula-ciclos-formativos-curso-201718\/#primaryimage"},"thumbnailUrl":"https:\/\/pereboil.com\/wp-content\/uploads\/2025\/09\/logo-ies-pere-boil-def_logo-ies-pere-boil-principal-color.jpg","datePublished":"2017-06-09T11:36:38+00:00","dateModified":"2017-06-09T11:36:38+00:00","author":{"@id":"https:\/\/pereboil.com\/#\/schema\/person\/df0ec777cbf2256241475f17d2c2eaa8"},"breadcrumb":{"@id":"https:\/\/pereboil.com\/es\/matricula-ciclos-formativos-curso-201718\/#breadcrumb"},"inLanguage":"es","potentialAction":[{"@type":"ReadAction","target":["https:\/\/pereboil.com\/es\/matricula-ciclos-formativos-curso-201718\/"]}]},{"@type":"ImageObject","inLanguage":"es","@id":"https:\/\/pereboil.com\/es\/matricula-ciclos-formativos-curso-201718\/#primaryimage","url":"https:\/\/pereboil.com\/wp-content\/uploads\/2025\/09\/logo-ies-pere-boil-def_logo-ies-pere-boil-principal-color.jpg","contentUrl":"https:\/\/pereboil.com\/wp-content\/uploads\/2025\/09\/logo-ies-pere-boil-def_logo-ies-pere-boil-principal-color.jpg","width":2117,"height":799},{"@type":"BreadcrumbList","@id":"https:\/\/pereboil.com\/es\/matricula-ciclos-formativos-curso-201718\/#breadcrumb","itemListElement":[{"@type":"ListItem","position":1,"name":"Inici","item":"https:\/\/pereboil.com\/es\/"},{"@type":"ListItem","position":2,"name":"MATRICULA CICLOS FORMATIVOS CURSO 2017\/18"}]},{"@type":"WebSite","@id":"https:\/\/pereboil.com\/#website","url":"https:\/\/pereboil.com\/","name":"IES Pere Bo\u00efl","description":"IES Pere Bo\u00efl","potentialAction":[{"@type":"SearchAction","target":{"@type":"EntryPoint","urlTemplate":"https:\/\/pereboil.com\/?s={search_term_string}"},"query-input":"required name=search_term_string"}],"inLanguage":"es"},{"@type":"Person","@id":"https:\/\/pereboil.com\/#\/schema\/person\/df0ec777cbf2256241475f17d2c2eaa8","name":"pereboil","image":{"@type":"ImageObject","inLanguage":"es","@id":"https:\/\/pereboil.com\/#\/schema\/person\/image\/","url":"https:\/\/secure.gravatar.com\/avatar\/7d12a41ff5a2c0654e5b7c09dbe3f636?s=96&d=mm&r=g","contentUrl":"https:\/\/secure.gravatar.com\/avatar\/7d12a41ff5a2c0654e5b7c09dbe3f636?s=96&d=mm&r=g","caption":"pereboil"},"url":"https:\/\/pereboil.com\/es\/author\/pereboil\/"}]}},"jetpack_featured_media_url":"https:\/\/pereboil.com\/wp-content\/uploads\/2025\/09\/logo-ies-pere-boil-def_logo-ies-pere-boil-principal-color.jpg","jetpack_sharing_enabled":true,"jetpack_shortlink":"https:\/\/wp.me\/p7xOKx-1iK","_links":{"self":[{"href":"https:\/\/pereboil.com\/es\/wp-json\/wp\/v2\/posts\/5006"}],"collection":[{"href":"https:\/\/pereboil.com\/es\/wp-json\/wp\/v2\/posts"}],"about":[{"href":"https:\/\/pereboil.com\/es\/wp-json\/wp\/v2\/types\/post"}],"author":[{"embeddable":true,"href":"https:\/\/pereboil.com\/es\/wp-json\/wp\/v2\/users\/2"}],"replies":[{"embeddable":true,"href":"https:\/\/pereboil.com\/es\/wp-json\/wp\/v2\/comments?post=5006"}],"version-history":[{"count":1,"href":"https:\/\/pereboil.com\/es\/wp-json\/wp\/v2\/posts\/5006\/revisions"}],"predecessor-version":[{"id":5007,"href":"https:\/\/pereboil.com\/es\/wp-json\/wp\/v2\/posts\/5006\/revisions\/5007"}],"wp:featuredmedia":[{"embeddable":true,"href":"https:\/\/pereboil.com\/es\/wp-json\/wp\/v2\/media\/21882"}],"wp:attachment":[{"href":"https:\/\/pereboil.com\/es\/wp-json\/wp\/v2\/media?parent=5006"}],"wp:term":[{"taxonomy":"category","embeddable":true,"href":"https:\/\/pereboil.com\/es\/wp-json\/wp\/v2\/categories?post=5006"},{"taxonomy":"post_tag","embeddable":true,"href":"https:\/\/pereboil.com\/es\/wp-json\/wp\/v2\/tags?post=5006"}],"curies":[{"name":"wp","href":"https:\/\/api.w.org\/{rel}","templated":true}]}}