{"id":2481,"date":"2016-12-21T10:43:25","date_gmt":"2016-12-21T08:43:25","guid":{"rendered":"http:\/\/www.pereboil.com\/es\/?p=2481"},"modified":"2016-12-21T10:50:42","modified_gmt":"2016-12-21T08:50:42","slug":"2481","status":"publish","type":"post","link":"https:\/\/pereboil.com\/es\/2481\/","title":{"rendered":"CONCIERTO DE NAVIDAD 2016"},"content":{"rendered":"<p>Un a\u00f1o m\u00e1s, el departamento de m\u00fasica tiene el placer de presentar el Concierto de Navidad que tendr\u00e1 lugar el d\u00eda 22 de diciembre al sal\u00f3n de actos del IES Pere Bo\u00efl a las 12h. y que cerrar\u00e1 la fiesta de Navidad en nuestro centro. Este a\u00f1o, tenemos un grupo nuevo: <strong>URBAND<\/strong>, formado por alumnos de 3\u00ba y 4\u00ba de la ESO, que junto al grupo<strong> A contratiempo<\/strong>, que ya cumple 3 a\u00f1os, har\u00e1 gozar de la m\u00fasica a todos. \u00a1No os lo perd\u00e1is!<\/p>\n<p><a href=\"http:\/\/www.pereboil.com\/wp-content\/uploads\/2016\/12\/concert-nadal.png\"><img loading=\"lazy\" decoding=\"async\" class=\"alignnone wp-image-2468 size-medium\" src=\"http:\/\/www.pereboil.com\/wp-content\/uploads\/2016\/12\/concert-nadal-212x300.png\" alt=\"Concert Nadal\" width=\"212\" height=\"300\" srcset=\"https:\/\/pereboil.com\/wp-content\/uploads\/2016\/12\/concert-nadal-212x300.png 212w, https:\/\/pereboil.com\/wp-content\/uploads\/2016\/12\/concert-nadal-768x1086.png 768w, https:\/\/pereboil.com\/wp-content\/uploads\/2016\/12\/concert-nadal-724x1024.png 724w, https:\/\/pereboil.com\/wp-content\/uploads\/2016\/12\/concert-nadal.png 1124w\" sizes=\"(max-width: 212px) 100vw, 212px\" \/><\/a><\/p>\n","protected":false},"excerpt":{"rendered":"<p>Un a\u00f1o m\u00e1s, el departamento de m\u00fasica tiene el placer de presentar el Concierto de Navidad que tendr\u00e1 lugar el d\u00eda 22 de diciembre al sal\u00f3n de actos del IES Pere Bo\u00efl a las 12h. y que cerrar\u00e1 la fiesta de Navidad en nuestro centro. Este a\u00f1o, tenemos un grupo nuevo: URBAND, formado por alumnos&#8230; <a href=\"https:\/\/pereboil.com\/es\/2481\/\" class=\"excerpt-read-more\">Leer M\u00e1s<\/a><\/p>\n","protected":false},"author":2,"featured_media":2469,"comment_status":"closed","ping_status":"closed","sticky":false,"template":"","format":"standard","meta":{"jetpack_post_was_ever_published":false,"_jetpack_newsletter_access":"","_jetpack_dont_email_post_to_subs":true,"_jetpack_newsletter_tier_id":0,"_jetpack_memberships_contains_paywalled_content":false,"_jetpack_memberships_contains_paid_content":false,"footnotes":"","jetpack_publicize_message":"","jetpack_publicize_feature_enabled":true,"jetpack_social_post_already_shared":true,"jetpack_social_options":{"image_generator_settings":{"template":"highway","enabled":false},"version":2}},"categories":[2,39],"tags":[138,123],"class_list":["post-2481","post","type-post","status-publish","format-standard","has-post-thumbnail","hentry","category-general-es","category-musica-es","tag-musica","tag-pereboil"],"jetpack_publicize_connections":[],"yoast_head":"<!-- This site is optimized with the Yoast SEO plugin v23.0 - https:\/\/yoast.com\/wordpress\/plugins\/seo\/ -->\n<title>CONCIERTO DE NAVIDAD 2016 - IES Pere Bo\u00efl<\/title>\n<meta name=\"robots\" content=\"index, follow, max-snippet:-1, max-image-preview:large, max-video-preview:-1\" \/>\n<link rel=\"canonical\" href=\"https:\/\/pereboil.com\/es\/2481\/\" \/>\n<meta property=\"og:locale\" content=\"es_ES\" \/>\n<meta property=\"og:type\" content=\"article\" \/>\n<meta property=\"og:title\" content=\"CONCIERTO DE NAVIDAD 2016 - IES Pere Bo\u00efl\" \/>\n<meta property=\"og:description\" content=\"Un a\u00f1o m\u00e1s, el departamento de m\u00fasica tiene el placer de presentar el Concierto de Navidad que tendr\u00e1 lugar el d\u00eda 22 de diciembre al sal\u00f3n de actos del IES Pere Bo\u00efl a las 12h. y que cerrar\u00e1 la fiesta de Navidad en nuestro centro. Este a\u00f1o, tenemos un grupo nuevo: URBAND, formado por alumnos... Leer M\u00e1s\" \/>\n<meta property=\"og:url\" content=\"https:\/\/pereboil.com\/es\/2481\/\" \/>\n<meta property=\"og:site_name\" content=\"IES Pere Bo\u00efl\" \/>\n<meta property=\"article:published_time\" content=\"2016-12-21T08:43:25+00:00\" \/>\n<meta property=\"article:modified_time\" content=\"2016-12-21T08:50:42+00:00\" \/>\n<meta property=\"og:image\" content=\"https:\/\/pereboil.com\/wp-content\/uploads\/2016\/12\/concert-nadal.png\" \/>\n\t<meta property=\"og:image:width\" content=\"1124\" \/>\n\t<meta property=\"og:image:height\" content=\"1589\" \/>\n\t<meta property=\"og:image:type\" content=\"image\/png\" \/>\n<meta name=\"author\" content=\"pereboil\" \/>\n<meta name=\"twitter:card\" content=\"summary_large_image\" \/>\n<meta name=\"twitter:label1\" content=\"Escrito por\" \/>\n\t<meta name=\"twitter:data1\" content=\"pereboil\" \/>\n<script type=\"application\/ld+json\" class=\"yoast-schema-graph\">{\"@context\":\"https:\/\/schema.org\",\"@graph\":[{\"@type\":\"WebPage\",\"@id\":\"https:\/\/pereboil.com\/es\/2481\/\",\"url\":\"https:\/\/pereboil.com\/es\/2481\/\",\"name\":\"CONCIERTO DE NAVIDAD 2016 - IES Pere Bo\u00efl\",\"isPartOf\":{\"@id\":\"https:\/\/pereboil.com\/#website\"},\"primaryImageOfPage\":{\"@id\":\"https:\/\/pereboil.com\/es\/2481\/#primaryimage\"},\"image\":{\"@id\":\"https:\/\/pereboil.com\/es\/2481\/#primaryimage\"},\"thumbnailUrl\":\"https:\/\/pereboil.com\/wp-content\/uploads\/2016\/12\/concert-nadal.png\",\"datePublished\":\"2016-12-21T08:43:25+00:00\",\"dateModified\":\"2016-12-21T08:50:42+00:00\",\"author\":{\"@id\":\"https:\/\/pereboil.com\/#\/schema\/person\/df0ec777cbf2256241475f17d2c2eaa8\"},\"breadcrumb\":{\"@id\":\"https:\/\/pereboil.com\/es\/2481\/#breadcrumb\"},\"inLanguage\":\"es\",\"potentialAction\":[{\"@type\":\"ReadAction\",\"target\":[\"https:\/\/pereboil.com\/es\/2481\/\"]}]},{\"@type\":\"ImageObject\",\"inLanguage\":\"es\",\"@id\":\"https:\/\/pereboil.com\/es\/2481\/#primaryimage\",\"url\":\"https:\/\/pereboil.com\/wp-content\/uploads\/2016\/12\/concert-nadal.png\",\"contentUrl\":\"https:\/\/pereboil.com\/wp-content\/uploads\/2016\/12\/concert-nadal.png\",\"width\":1124,\"height\":1589},{\"@type\":\"BreadcrumbList\",\"@id\":\"https:\/\/pereboil.com\/es\/2481\/#breadcrumb\",\"itemListElement\":[{\"@type\":\"ListItem\",\"position\":1,\"name\":\"Inici\",\"item\":\"https:\/\/pereboil.com\/es\/\"},{\"@type\":\"ListItem\",\"position\":2,\"name\":\"CONCIERTO DE NAVIDAD 2016\"}]},{\"@type\":\"WebSite\",\"@id\":\"https:\/\/pereboil.com\/#website\",\"url\":\"https:\/\/pereboil.com\/\",\"name\":\"IES Pere Bo\u00efl\",\"description\":\"IES Pere Bo\u00efl\",\"potentialAction\":[{\"@type\":\"SearchAction\",\"target\":{\"@type\":\"EntryPoint\",\"urlTemplate\":\"https:\/\/pereboil.com\/?s={search_term_string}\"},\"query-input\":\"required name=search_term_string\"}],\"inLanguage\":\"es\"},{\"@type\":\"Person\",\"@id\":\"https:\/\/pereboil.com\/#\/schema\/person\/df0ec777cbf2256241475f17d2c2eaa8\",\"name\":\"pereboil\",\"image\":{\"@type\":\"ImageObject\",\"inLanguage\":\"es\",\"@id\":\"https:\/\/pereboil.com\/#\/schema\/person\/image\/\",\"url\":\"https:\/\/secure.gravatar.com\/avatar\/7d12a41ff5a2c0654e5b7c09dbe3f636?s=96&d=mm&r=g\",\"contentUrl\":\"https:\/\/secure.gravatar.com\/avatar\/7d12a41ff5a2c0654e5b7c09dbe3f636?s=96&d=mm&r=g\",\"caption\":\"pereboil\"},\"url\":\"https:\/\/pereboil.com\/es\/author\/pereboil\/\"}]}<\/script>\n<!-- \/ Yoast SEO plugin. -->","yoast_head_json":{"title":"CONCIERTO DE NAVIDAD 2016 - IES Pere Bo\u00efl","robots":{"index":"index","follow":"follow","max-snippet":"max-snippet:-1","max-image-preview":"max-image-preview:large","max-video-preview":"max-video-preview:-1"},"canonical":"https:\/\/pereboil.com\/es\/2481\/","og_locale":"es_ES","og_type":"article","og_title":"CONCIERTO DE NAVIDAD 2016 - IES Pere Bo\u00efl","og_description":"Un a\u00f1o m\u00e1s, el departamento de m\u00fasica tiene el placer de presentar el Concierto de Navidad que tendr\u00e1 lugar el d\u00eda 22 de diciembre al sal\u00f3n de actos del IES Pere Bo\u00efl a las 12h. y que cerrar\u00e1 la fiesta de Navidad en nuestro centro. Este a\u00f1o, tenemos un grupo nuevo: URBAND, formado por alumnos... Leer M\u00e1s","og_url":"https:\/\/pereboil.com\/es\/2481\/","og_site_name":"IES Pere Bo\u00efl","article_published_time":"2016-12-21T08:43:25+00:00","article_modified_time":"2016-12-21T08:50:42+00:00","og_image":[{"width":1124,"height":1589,"url":"https:\/\/pereboil.com\/wp-content\/uploads\/2016\/12\/concert-nadal.png","type":"image\/png"}],"author":"pereboil","twitter_card":"summary_large_image","twitter_misc":{"Escrito por":"pereboil"},"schema":{"@context":"https:\/\/schema.org","@graph":[{"@type":"WebPage","@id":"https:\/\/pereboil.com\/es\/2481\/","url":"https:\/\/pereboil.com\/es\/2481\/","name":"CONCIERTO DE NAVIDAD 2016 - IES Pere Bo\u00efl","isPartOf":{"@id":"https:\/\/pereboil.com\/#website"},"primaryImageOfPage":{"@id":"https:\/\/pereboil.com\/es\/2481\/#primaryimage"},"image":{"@id":"https:\/\/pereboil.com\/es\/2481\/#primaryimage"},"thumbnailUrl":"https:\/\/pereboil.com\/wp-content\/uploads\/2016\/12\/concert-nadal.png","datePublished":"2016-12-21T08:43:25+00:00","dateModified":"2016-12-21T08:50:42+00:00","author":{"@id":"https:\/\/pereboil.com\/#\/schema\/person\/df0ec777cbf2256241475f17d2c2eaa8"},"breadcrumb":{"@id":"https:\/\/pereboil.com\/es\/2481\/#breadcrumb"},"inLanguage":"es","potentialAction":[{"@type":"ReadAction","target":["https:\/\/pereboil.com\/es\/2481\/"]}]},{"@type":"ImageObject","inLanguage":"es","@id":"https:\/\/pereboil.com\/es\/2481\/#primaryimage","url":"https:\/\/pereboil.com\/wp-content\/uploads\/2016\/12\/concert-nadal.png","contentUrl":"https:\/\/pereboil.com\/wp-content\/uploads\/2016\/12\/concert-nadal.png","width":1124,"height":1589},{"@type":"BreadcrumbList","@id":"https:\/\/pereboil.com\/es\/2481\/#breadcrumb","itemListElement":[{"@type":"ListItem","position":1,"name":"Inici","item":"https:\/\/pereboil.com\/es\/"},{"@type":"ListItem","position":2,"name":"CONCIERTO DE NAVIDAD 2016"}]},{"@type":"WebSite","@id":"https:\/\/pereboil.com\/#website","url":"https:\/\/pereboil.com\/","name":"IES Pere Bo\u00efl","description":"IES Pere Bo\u00efl","potentialAction":[{"@type":"SearchAction","target":{"@type":"EntryPoint","urlTemplate":"https:\/\/pereboil.com\/?s={search_term_string}"},"query-input":"required name=search_term_string"}],"inLanguage":"es"},{"@type":"Person","@id":"https:\/\/pereboil.com\/#\/schema\/person\/df0ec777cbf2256241475f17d2c2eaa8","name":"pereboil","image":{"@type":"ImageObject","inLanguage":"es","@id":"https:\/\/pereboil.com\/#\/schema\/person\/image\/","url":"https:\/\/secure.gravatar.com\/avatar\/7d12a41ff5a2c0654e5b7c09dbe3f636?s=96&d=mm&r=g","contentUrl":"https:\/\/secure.gravatar.com\/avatar\/7d12a41ff5a2c0654e5b7c09dbe3f636?s=96&d=mm&r=g","caption":"pereboil"},"url":"https:\/\/pereboil.com\/es\/author\/pereboil\/"}]}},"jetpack_featured_media_url":"https:\/\/pereboil.com\/wp-content\/uploads\/2016\/12\/concert-nadal.png","jetpack_sharing_enabled":true,"jetpack_shortlink":"https:\/\/wp.me\/s7xOKx-2481","_links":{"self":[{"href":"https:\/\/pereboil.com\/es\/wp-json\/wp\/v2\/posts\/2481"}],"collection":[{"href":"https:\/\/pereboil.com\/es\/wp-json\/wp\/v2\/posts"}],"about":[{"href":"https:\/\/pereboil.com\/es\/wp-json\/wp\/v2\/types\/post"}],"author":[{"embeddable":true,"href":"https:\/\/pereboil.com\/es\/wp-json\/wp\/v2\/users\/2"}],"replies":[{"embeddable":true,"href":"https:\/\/pereboil.com\/es\/wp-json\/wp\/v2\/comments?post=2481"}],"version-history":[{"count":3,"href":"https:\/\/pereboil.com\/es\/wp-json\/wp\/v2\/posts\/2481\/revisions"}],"predecessor-version":[{"id":2484,"href":"https:\/\/pereboil.com\/es\/wp-json\/wp\/v2\/posts\/2481\/revisions\/2484"}],"wp:featuredmedia":[{"embeddable":true,"href":"https:\/\/pereboil.com\/es\/wp-json\/wp\/v2\/media\/2469"}],"wp:attachment":[{"href":"https:\/\/pereboil.com\/es\/wp-json\/wp\/v2\/media?parent=2481"}],"wp:term":[{"taxonomy":"category","embeddable":true,"href":"https:\/\/pereboil.com\/es\/wp-json\/wp\/v2\/categories?post=2481"},{"taxonomy":"post_tag","embeddable":true,"href":"https:\/\/pereboil.com\/es\/wp-json\/wp\/v2\/tags?post=2481"}],"curies":[{"name":"wp","href":"https:\/\/api.w.org\/{rel}","templated":true}]}}