{"id":22778,"date":"2026-09-02T11:20:18","date_gmt":"2026-09-02T09:20:18","guid":{"rendered":"https:\/\/pereboil.com\/acte-dadjudicacio-de-vacants-curs-2026-27\/"},"modified":"2026-09-02T11:28:04","modified_gmt":"2026-09-02T09:28:04","slug":"acte-dadjudicacio-de-vacants-curs-2026-27","status":"publish","type":"post","link":"https:\/\/pereboil.com\/es\/acte-dadjudicacio-de-vacants-curs-2026-27\/","title":{"rendered":"ACTE D&#8217;ADJUDICACI\u00d3 DE VACANTS CURS 2026\/27"},"content":{"rendered":"<p><strong>ACTE D&#8217;ADJUDICACI\u00d3 DE VACANTS, Curs 2026\/27.<\/strong><br \/>\nEs convoca\u00a0a <strong>l&#8217;ACTE\u00a0P\u00daBLIC I PRESENCIAL en\u00a0l&#8217;IES\u00a0Pere\u00a0<span class=\"hiddenSpellError\">Boil<\/span> el dia 4 de setembre del 2026, a les 11.15 hores.<\/strong><\/p>\n<p><strong>Fase 1: Per a alumnes que han participat en el proc\u00e9s d&#8217;admissi\u00f3 i estan en les llistes d\u2019espera en cicles en modalitat PRESENCIAL<\/strong><br \/>\nEstan convocades totes aquelles persones que havent participat en el proc\u00e9s d&#8217;admissi\u00f3, no van obtindre pla\u00e7a i es troben en llista d&#8217;espera del centre. S&#8217;adjudicar\u00e0 vacants conforme al que s&#8217;estableix en la normativa vigent, la no assist\u00e8ncia implica la ren\u00fancia a la pla\u00e7a que passar\u00e0 al seg\u00fcent de la llista, l&#8217;ordre d&#8217;adjudicaci\u00f3 ser\u00e0 el seg\u00fcen:<\/p>\n<ol start=\"1\">\n<li>\n<div role=\"presentation\" data-olk-copy-source=\"MessageBody\">CM Activitats Comercials<\/div>\n<\/li>\n<li>\n<div role=\"presentation\">CM Gesti\u00f3 Administrativa<\/div>\n<\/li>\n<li>\n<div role=\"presentation\">CS Administraci\u00f3 i Finances presencial<\/div>\n<\/li>\n<li>\n<div role=\"presentation\">CS Comer\u00e7 Internacional presencial<\/div>\n<\/li>\n<li>\n<div role=\"presentation\">CS Transport i Log\u00edstica presencial<\/div>\n<\/li>\n<\/ol>\n<p>S&#8217;\u00b4haur\u00e0 de vindre prove\u00eft de c\u00f2pia del certificat de la nota del requisit acad\u00e8mic i de la preinscripci\u00f3 realitzada en el proc\u00e9s d&#8217;admissi\u00f3.<br \/>\nPot vindre a l&#8217;adjudicaci\u00f3 de les vacants una persona autoritzada per escrit i amb una c\u00f2pia del DNI de la persona interessada.<br \/>\nLes vacants seran assignades per la nota mitjana de l&#8217;expedient acad\u00e8mic o prova.<br \/>\nSi sorgiren noves vacants entre la data d&#8217;adjudicaci\u00f3 i fins al 8 d&#8217;octubre, es cobriran amb les persones de la llista d&#8217;assistents a l&#8217;adjudicaci\u00f3, que no hagen obtingut pla\u00e7a.<br \/>\nEn cas de quedar places desertes una vegada finalitzada la llista d&#8217;espera, s&#8217;adjudicar\u00e0 a aquelles persones que no han participat en el proc\u00e9s d&#8217;admissi\u00f3 i que no estan en aquestes llistes d&#8217;admesos. Per obtindre pla\u00e7a en eixe cas hauran d\u2019omplir formulari de Fase II.<\/p>\n<p><strong>Fase II: Per a cicles sense llista d\u2019espera i SEMIPRESENCIALS<\/strong><br \/>\nPer als cicles sense llista d\u2019espera i cicles en modalitat semipresencial els interessats hauran d\u2019apuntar-se des de dimecres 9 de setembre de 2026 a les 9 hores, a un formulari que s&#8217;activar\u00e0 eixe dia a eixa hora, i que estar\u00e0 ubicat en la nostra p\u00e0gina web, dins de la pestanya de SECRETARIA, apartat ENLLA\u00c7OS I DOCUMENTS \u2192 <a href=\"https:\/\/forms.office.com\/e\/c42QDfiaQd\" target=\"_blank\" rel=\"noopener\">https:\/\/forms.office.com\/e\/c42QDfiaQd<\/a><\/p>\n<p>6. Cicle mitj\u00e0 de telecomunicacions<br \/>\n7. Cicle superior de Gesti\u00f3 de vendes i espais comercials<br \/>\n<span class=\"hiddenSpellError\">\u00a0 \u00a08. CS<\/span>\u00a0Administraci\u00f3 i Finances semipresencial<br \/>\n<span class=\"hiddenSpellError\">\u00a0 \u00a09. CS<\/span>\u00a0Comer\u00e7 Internacional semipresencial<br \/>\n<span class=\"hiddenSpellError\">\u00a0 10. CS<\/span>\u00a0Transport i Log\u00edstica\u00a0semipresencial<\/p>\n","protected":false},"excerpt":{"rendered":"<p>ACTE D&#8217;ADJUDICACI\u00d3 DE VACANTS, Curs 2026\/27. Es convoca\u00a0a l&#8217;ACTE\u00a0P\u00daBLIC I PRESENCIAL en\u00a0l&#8217;IES\u00a0Pere\u00a0Boil el dia 4 de setembre del 2026, a les 11.15 hores. Fase 1: Per a alumnes que han participat en el proc\u00e9s d&#8217;admissi\u00f3 i estan en les llistes d\u2019espera en cicles en modalitat PRESENCIAL Estan convocades totes aquelles persones que havent participat en&#8230; <a href=\"https:\/\/pereboil.com\/es\/acte-dadjudicacio-de-vacants-curs-2026-27\/\" class=\"excerpt-read-more\">Leer M\u00e1s<\/a><\/p>\n","protected":false},"author":2,"featured_media":22542,"comment_status":"closed","ping_status":"closed","sticky":false,"template":"","format":"standard","meta":{"jetpack_post_was_ever_published":false,"_jetpack_newsletter_access":"","_jetpack_dont_email_post_to_subs":false,"_jetpack_newsletter_tier_id":0,"_jetpack_memberships_contains_paywalled_content":false,"_jetpack_memberships_contains_paid_content":false,"footnotes":"","jetpack_publicize_message":"","jetpack_publicize_feature_enabled":true,"jetpack_social_post_already_shared":true,"jetpack_social_options":{"image_generator_settings":{"template":"highway","enabled":false},"version":2}},"categories":[2],"tags":[],"class_list":["post-22778","post","type-post","status-publish","format-standard","has-post-thumbnail","hentry","category-general-es"],"jetpack_publicize_connections":[],"yoast_head":"<!-- This site is optimized with the Yoast SEO plugin v23.0 - https:\/\/yoast.com\/wordpress\/plugins\/seo\/ -->\n<title>ACTE D&#039;ADJUDICACI\u00d3 DE VACANTS CURS 2026\/27 - IES Pere Bo\u00efl<\/title>\n<meta name=\"robots\" content=\"index, follow, max-snippet:-1, max-image-preview:large, max-video-preview:-1\" \/>\n<link rel=\"canonical\" href=\"https:\/\/pereboil.com\/es\/acte-dadjudicacio-de-vacants-curs-2026-27\/\" \/>\n<meta property=\"og:locale\" content=\"es_ES\" \/>\n<meta property=\"og:type\" content=\"article\" \/>\n<meta property=\"og:title\" content=\"ACTE D&#039;ADJUDICACI\u00d3 DE VACANTS CURS 2026\/27 - IES Pere Bo\u00efl\" \/>\n<meta property=\"og:description\" content=\"ACTE D&#8217;ADJUDICACI\u00d3 DE VACANTS, Curs 2026\/27. Es convoca\u00a0a l&#8217;ACTE\u00a0P\u00daBLIC I PRESENCIAL en\u00a0l&#8217;IES\u00a0Pere\u00a0Boil el dia 4 de setembre del 2026, a les 11.15 hores. Fase 1: Per a alumnes que han participat en el proc\u00e9s d&#8217;admissi\u00f3 i estan en les llistes d\u2019espera en cicles en modalitat PRESENCIAL Estan convocades totes aquelles persones que havent participat en... Leer M\u00e1s\" \/>\n<meta property=\"og:url\" content=\"https:\/\/pereboil.com\/es\/acte-dadjudicacio-de-vacants-curs-2026-27\/\" \/>\n<meta property=\"og:site_name\" content=\"IES Pere Bo\u00efl\" \/>\n<meta property=\"article:published_time\" content=\"2026-09-02T09:20:18+00:00\" \/>\n<meta property=\"article:modified_time\" content=\"2026-09-02T09:28:04+00:00\" \/>\n<meta property=\"og:image\" content=\"https:\/\/pereboil.com\/wp-content\/uploads\/2026\/05\/logo-ies-pere-boil-def_logo-ies-pere-boil-principal-color.jpg\" \/>\n\t<meta property=\"og:image:width\" content=\"2117\" \/>\n\t<meta property=\"og:image:height\" content=\"799\" \/>\n\t<meta property=\"og:image:type\" content=\"image\/jpeg\" \/>\n<meta name=\"author\" content=\"pereboil\" \/>\n<meta name=\"twitter:card\" content=\"summary_large_image\" \/>\n<meta name=\"twitter:label1\" content=\"Escrito por\" \/>\n\t<meta name=\"twitter:data1\" content=\"pereboil\" \/>\n\t<meta name=\"twitter:label2\" content=\"Tiempo de lectura\" \/>\n\t<meta name=\"twitter:data2\" content=\"2 minutos\" \/>\n<script type=\"application\/ld+json\" class=\"yoast-schema-graph\">{\"@context\":\"https:\/\/schema.org\",\"@graph\":[{\"@type\":\"WebPage\",\"@id\":\"https:\/\/pereboil.com\/es\/acte-dadjudicacio-de-vacants-curs-2026-27\/\",\"url\":\"https:\/\/pereboil.com\/es\/acte-dadjudicacio-de-vacants-curs-2026-27\/\",\"name\":\"ACTE D'ADJUDICACI\u00d3 DE VACANTS CURS 2026\/27 - IES Pere Bo\u00efl\",\"isPartOf\":{\"@id\":\"https:\/\/pereboil.com\/#website\"},\"primaryImageOfPage\":{\"@id\":\"https:\/\/pereboil.com\/es\/acte-dadjudicacio-de-vacants-curs-2026-27\/#primaryimage\"},\"image\":{\"@id\":\"https:\/\/pereboil.com\/es\/acte-dadjudicacio-de-vacants-curs-2026-27\/#primaryimage\"},\"thumbnailUrl\":\"https:\/\/pereboil.com\/wp-content\/uploads\/2026\/05\/logo-ies-pere-boil-def_logo-ies-pere-boil-principal-color.jpg\",\"datePublished\":\"2026-09-02T09:20:18+00:00\",\"dateModified\":\"2026-09-02T09:28:04+00:00\",\"author\":{\"@id\":\"https:\/\/pereboil.com\/#\/schema\/person\/df0ec777cbf2256241475f17d2c2eaa8\"},\"breadcrumb\":{\"@id\":\"https:\/\/pereboil.com\/es\/acte-dadjudicacio-de-vacants-curs-2026-27\/#breadcrumb\"},\"inLanguage\":\"es\",\"potentialAction\":[{\"@type\":\"ReadAction\",\"target\":[\"https:\/\/pereboil.com\/es\/acte-dadjudicacio-de-vacants-curs-2026-27\/\"]}]},{\"@type\":\"ImageObject\",\"inLanguage\":\"es\",\"@id\":\"https:\/\/pereboil.com\/es\/acte-dadjudicacio-de-vacants-curs-2026-27\/#primaryimage\",\"url\":\"https:\/\/pereboil.com\/wp-content\/uploads\/2026\/05\/logo-ies-pere-boil-def_logo-ies-pere-boil-principal-color.jpg\",\"contentUrl\":\"https:\/\/pereboil.com\/wp-content\/uploads\/2026\/05\/logo-ies-pere-boil-def_logo-ies-pere-boil-principal-color.jpg\",\"width\":2117,\"height\":799},{\"@type\":\"BreadcrumbList\",\"@id\":\"https:\/\/pereboil.com\/es\/acte-dadjudicacio-de-vacants-curs-2026-27\/#breadcrumb\",\"itemListElement\":[{\"@type\":\"ListItem\",\"position\":1,\"name\":\"Inici\",\"item\":\"https:\/\/pereboil.com\/es\/\"},{\"@type\":\"ListItem\",\"position\":2,\"name\":\"ACTE D&#8217;ADJUDICACI\u00d3 DE VACANTS CURS 2026\/27\"}]},{\"@type\":\"WebSite\",\"@id\":\"https:\/\/pereboil.com\/#website\",\"url\":\"https:\/\/pereboil.com\/\",\"name\":\"IES Pere Bo\u00efl\",\"description\":\"IES Pere Bo\u00efl\",\"potentialAction\":[{\"@type\":\"SearchAction\",\"target\":{\"@type\":\"EntryPoint\",\"urlTemplate\":\"https:\/\/pereboil.com\/?s={search_term_string}\"},\"query-input\":\"required name=search_term_string\"}],\"inLanguage\":\"es\"},{\"@type\":\"Person\",\"@id\":\"https:\/\/pereboil.com\/#\/schema\/person\/df0ec777cbf2256241475f17d2c2eaa8\",\"name\":\"pereboil\",\"image\":{\"@type\":\"ImageObject\",\"inLanguage\":\"es\",\"@id\":\"https:\/\/pereboil.com\/#\/schema\/person\/image\/\",\"url\":\"https:\/\/secure.gravatar.com\/avatar\/7d12a41ff5a2c0654e5b7c09dbe3f636?s=96&d=mm&r=g\",\"contentUrl\":\"https:\/\/secure.gravatar.com\/avatar\/7d12a41ff5a2c0654e5b7c09dbe3f636?s=96&d=mm&r=g\",\"caption\":\"pereboil\"},\"url\":\"https:\/\/pereboil.com\/es\/author\/pereboil\/\"}]}<\/script>\n<!-- \/ Yoast SEO plugin. -->","yoast_head_json":{"title":"ACTE D'ADJUDICACI\u00d3 DE VACANTS CURS 2026\/27 - IES Pere Bo\u00efl","robots":{"index":"index","follow":"follow","max-snippet":"max-snippet:-1","max-image-preview":"max-image-preview:large","max-video-preview":"max-video-preview:-1"},"canonical":"https:\/\/pereboil.com\/es\/acte-dadjudicacio-de-vacants-curs-2026-27\/","og_locale":"es_ES","og_type":"article","og_title":"ACTE D'ADJUDICACI\u00d3 DE VACANTS CURS 2026\/27 - IES Pere Bo\u00efl","og_description":"ACTE D&#8217;ADJUDICACI\u00d3 DE VACANTS, Curs 2026\/27. Es convoca\u00a0a l&#8217;ACTE\u00a0P\u00daBLIC I PRESENCIAL en\u00a0l&#8217;IES\u00a0Pere\u00a0Boil el dia 4 de setembre del 2026, a les 11.15 hores. Fase 1: Per a alumnes que han participat en el proc\u00e9s d&#8217;admissi\u00f3 i estan en les llistes d\u2019espera en cicles en modalitat PRESENCIAL Estan convocades totes aquelles persones que havent participat en... Leer M\u00e1s","og_url":"https:\/\/pereboil.com\/es\/acte-dadjudicacio-de-vacants-curs-2026-27\/","og_site_name":"IES Pere Bo\u00efl","article_published_time":"2026-09-02T09:20:18+00:00","article_modified_time":"2026-09-02T09:28:04+00:00","og_image":[{"width":2117,"height":799,"url":"https:\/\/pereboil.com\/wp-content\/uploads\/2026\/05\/logo-ies-pere-boil-def_logo-ies-pere-boil-principal-color.jpg","type":"image\/jpeg"}],"author":"pereboil","twitter_card":"summary_large_image","twitter_misc":{"Escrito por":"pereboil","Tiempo de lectura":"2 minutos"},"schema":{"@context":"https:\/\/schema.org","@graph":[{"@type":"WebPage","@id":"https:\/\/pereboil.com\/es\/acte-dadjudicacio-de-vacants-curs-2026-27\/","url":"https:\/\/pereboil.com\/es\/acte-dadjudicacio-de-vacants-curs-2026-27\/","name":"ACTE D'ADJUDICACI\u00d3 DE VACANTS CURS 2026\/27 - IES Pere Bo\u00efl","isPartOf":{"@id":"https:\/\/pereboil.com\/#website"},"primaryImageOfPage":{"@id":"https:\/\/pereboil.com\/es\/acte-dadjudicacio-de-vacants-curs-2026-27\/#primaryimage"},"image":{"@id":"https:\/\/pereboil.com\/es\/acte-dadjudicacio-de-vacants-curs-2026-27\/#primaryimage"},"thumbnailUrl":"https:\/\/pereboil.com\/wp-content\/uploads\/2026\/05\/logo-ies-pere-boil-def_logo-ies-pere-boil-principal-color.jpg","datePublished":"2026-09-02T09:20:18+00:00","dateModified":"2026-09-02T09:28:04+00:00","author":{"@id":"https:\/\/pereboil.com\/#\/schema\/person\/df0ec777cbf2256241475f17d2c2eaa8"},"breadcrumb":{"@id":"https:\/\/pereboil.com\/es\/acte-dadjudicacio-de-vacants-curs-2026-27\/#breadcrumb"},"inLanguage":"es","potentialAction":[{"@type":"ReadAction","target":["https:\/\/pereboil.com\/es\/acte-dadjudicacio-de-vacants-curs-2026-27\/"]}]},{"@type":"ImageObject","inLanguage":"es","@id":"https:\/\/pereboil.com\/es\/acte-dadjudicacio-de-vacants-curs-2026-27\/#primaryimage","url":"https:\/\/pereboil.com\/wp-content\/uploads\/2026\/05\/logo-ies-pere-boil-def_logo-ies-pere-boil-principal-color.jpg","contentUrl":"https:\/\/pereboil.com\/wp-content\/uploads\/2026\/05\/logo-ies-pere-boil-def_logo-ies-pere-boil-principal-color.jpg","width":2117,"height":799},{"@type":"BreadcrumbList","@id":"https:\/\/pereboil.com\/es\/acte-dadjudicacio-de-vacants-curs-2026-27\/#breadcrumb","itemListElement":[{"@type":"ListItem","position":1,"name":"Inici","item":"https:\/\/pereboil.com\/es\/"},{"@type":"ListItem","position":2,"name":"ACTE D&#8217;ADJUDICACI\u00d3 DE VACANTS CURS 2026\/27"}]},{"@type":"WebSite","@id":"https:\/\/pereboil.com\/#website","url":"https:\/\/pereboil.com\/","name":"IES Pere Bo\u00efl","description":"IES Pere Bo\u00efl","potentialAction":[{"@type":"SearchAction","target":{"@type":"EntryPoint","urlTemplate":"https:\/\/pereboil.com\/?s={search_term_string}"},"query-input":"required name=search_term_string"}],"inLanguage":"es"},{"@type":"Person","@id":"https:\/\/pereboil.com\/#\/schema\/person\/df0ec777cbf2256241475f17d2c2eaa8","name":"pereboil","image":{"@type":"ImageObject","inLanguage":"es","@id":"https:\/\/pereboil.com\/#\/schema\/person\/image\/","url":"https:\/\/secure.gravatar.com\/avatar\/7d12a41ff5a2c0654e5b7c09dbe3f636?s=96&d=mm&r=g","contentUrl":"https:\/\/secure.gravatar.com\/avatar\/7d12a41ff5a2c0654e5b7c09dbe3f636?s=96&d=mm&r=g","caption":"pereboil"},"url":"https:\/\/pereboil.com\/es\/author\/pereboil\/"}]}},"jetpack_featured_media_url":"https:\/\/pereboil.com\/wp-content\/uploads\/2026\/05\/logo-ies-pere-boil-def_logo-ies-pere-boil-principal-color.jpg","jetpack_sharing_enabled":true,"jetpack_shortlink":"https:\/\/wp.me\/p7xOKx-5Vo","_links":{"self":[{"href":"https:\/\/pereboil.com\/es\/wp-json\/wp\/v2\/posts\/22778"}],"collection":[{"href":"https:\/\/pereboil.com\/es\/wp-json\/wp\/v2\/posts"}],"about":[{"href":"https:\/\/pereboil.com\/es\/wp-json\/wp\/v2\/types\/post"}],"author":[{"embeddable":true,"href":"https:\/\/pereboil.com\/es\/wp-json\/wp\/v2\/users\/2"}],"replies":[{"embeddable":true,"href":"https:\/\/pereboil.com\/es\/wp-json\/wp\/v2\/comments?post=22778"}],"version-history":[{"count":2,"href":"https:\/\/pereboil.com\/es\/wp-json\/wp\/v2\/posts\/22778\/revisions"}],"predecessor-version":[{"id":22780,"href":"https:\/\/pereboil.com\/es\/wp-json\/wp\/v2\/posts\/22778\/revisions\/22780"}],"wp:featuredmedia":[{"embeddable":true,"href":"https:\/\/pereboil.com\/es\/wp-json\/wp\/v2\/media\/22542"}],"wp:attachment":[{"href":"https:\/\/pereboil.com\/es\/wp-json\/wp\/v2\/media?parent=22778"}],"wp:term":[{"taxonomy":"category","embeddable":true,"href":"https:\/\/pereboil.com\/es\/wp-json\/wp\/v2\/categories?post=22778"},{"taxonomy":"post_tag","embeddable":true,"href":"https:\/\/pereboil.com\/es\/wp-json\/wp\/v2\/tags?post=22778"}],"curies":[{"name":"wp","href":"https:\/\/api.w.org\/{rel}","templated":true}]}}