{"id":20699,"date":"2024-07-09T12:51:10","date_gmt":"2024-07-09T10:51:10","guid":{"rendered":"https:\/\/pereboil.com\/fp-llistats-provisionals-dadmesos-i-no-admesos-en-cicles-de-grau-mitja-grau-superior-i-semipresencial-per-a-curs-2024-2025\/"},"modified":"2024-07-09T12:52:25","modified_gmt":"2024-07-09T10:52:25","slug":"fp-llistats-provisionals-dadmesos-i-no-admesos-en-cicles-de-grau-mitja-grau-superior-i-semipresencial-per-a-curs-2024-2025","status":"publish","type":"post","link":"https:\/\/pereboil.com\/es\/fp-llistats-provisionals-dadmesos-i-no-admesos-en-cicles-de-grau-mitja-grau-superior-i-semipresencial-per-a-curs-2024-2025\/","title":{"rendered":"FP \u2013 Listados Provisionales de admitidos y no admitidos en Ciclos de Grado Medio, Grado Superior y Semipresencial para curso 2024\/2025"},"content":{"rendered":"<div>\n<div>Se informa que ya est\u00e1n disponibles los listados provisionales de admitidos y no admitidos en ciclos de Grado Medio, Grado Superior y Semipresencial.<\/div>\n<div>Queda abierto el periodo de reclamaciones del 9 al 11 de julio a trav\u00e9s del portal ADMINOVA <u><a id=\"OWAc025a8be-e283-529d-e288-fa09080186d8\" class=\"x_OWAAutoLink\" href=\"https:\/\/portal.edu.gva.es\/adminova\/es\/fp\/\" target=\"_blank\" rel=\"noopener noreferrer\" data-auth=\"NotApplicable\" data-linkindex=\"0\">https:\/\/portal.edu.gva.es\/adminova\/es\/fp\/<\/a><\/u><\/div>\n<div>Una vez se publiquen los listados definitivos de admitidos el 23 de Julio de 2024, se podr\u00e1 pasar por el centro, en horario de ma\u00f1ana, para recoger la documentaci\u00f3n para la formalizaci\u00f3n de la matr\u00edcula (recogida de documentaci\u00f3n d\u00edas 23 y 24 de julio), a la recogida se asignar\u00e1 fecha de matr\u00edcula.<\/div>\n<\/div>\n<div><\/div>\n<div><a href=\"https:\/\/pereboil.com\/wp-content\/uploads\/2024\/07\/listados-de-admitidos-provisional-grados-medios.pdf\" target=\"_blank\" rel=\"noopener\">Listados de admitidos PROVISIONAL GRADOS MEDIOS<\/a><\/div>\n<div><a href=\"https:\/\/pereboil.com\/wp-content\/uploads\/2024\/07\/listados-de-admitidos-provisional-grados-semipresencial-orden-alfabetico.pdf\" target=\"_blank\" rel=\"noopener\">Listados de admitidos PROVISIONAL GRADOS SEMIPRESENCIAL orden alfab\u00e9tico<\/a><\/div>\n<div><a href=\"https:\/\/pereboil.com\/wp-content\/uploads\/2024\/07\/listados-de-admitidos-provisional-grados-superiores.pdf\" target=\"_blank\" rel=\"noopener\">Listados de admitidos PROVISIONAL GRADOS SUPERIORES<\/a><\/div>\n<div><a href=\"https:\/\/pereboil.com\/wp-content\/uploads\/2024\/07\/listados-de-no-admitidos-provisional-grados-medios.pdf\" target=\"_blank\" rel=\"noopener\">Listados de NO admitidos PROVISIONAL GRADOS MEDIOS<\/a><\/div>\n<div><a href=\"https:\/\/pereboil.com\/wp-content\/uploads\/2024\/07\/listados-de-no-admitidos-provisional-grados-superiores.pdf\" target=\"_blank\" rel=\"noopener\">Listados de NO admitidos PROVISIONAL GRADOS SUPERIORES<\/a><\/div>\n","protected":false},"excerpt":{"rendered":"<p>Se informa que ya est\u00e1n disponibles los listados provisionales de admitidos y no admitidos en ciclos de Grado Medio, Grado Superior y Semipresencial. Queda abierto el periodo de reclamaciones del 9 al 11 de julio a trav\u00e9s del portal ADMINOVA https:\/\/portal.edu.gva.es\/adminova\/es\/fp\/ Una vez se publiquen los listados definitivos de admitidos el 23 de Julio de&#8230; <a href=\"https:\/\/pereboil.com\/es\/fp-llistats-provisionals-dadmesos-i-no-admesos-en-cicles-de-grau-mitja-grau-superior-i-semipresencial-per-a-curs-2024-2025\/\" class=\"excerpt-read-more\">Leer M\u00e1s<\/a><\/p>\n","protected":false},"author":2,"featured_media":20697,"comment_status":"closed","ping_status":"closed","sticky":false,"template":"","format":"standard","meta":{"jetpack_post_was_ever_published":false,"_jetpack_newsletter_access":"","_jetpack_dont_email_post_to_subs":false,"_jetpack_newsletter_tier_id":0,"_jetpack_memberships_contains_paywalled_content":false,"_jetpack_memberships_contains_paid_content":false,"footnotes":"","jetpack_publicize_message":"","jetpack_publicize_feature_enabled":true,"jetpack_social_post_already_shared":true,"jetpack_social_options":{"image_generator_settings":{"template":"highway","enabled":false},"version":2}},"categories":[2],"tags":[712],"class_list":["post-20699","post","type-post","status-publish","format-standard","has-post-thumbnail","hentry","category-general-es","tag-admesosfp-es"],"jetpack_publicize_connections":[],"yoast_head":"<!-- This site is optimized with the Yoast SEO plugin v23.0 - https:\/\/yoast.com\/wordpress\/plugins\/seo\/ -->\n<title>FP \u2013 Listados Provisionales de admitidos y no admitidos en Ciclos de Grado Medio, Grado Superior y Semipresencial para curso 2024\/2025 - IES Pere Bo\u00efl<\/title>\n<meta name=\"robots\" content=\"index, follow, max-snippet:-1, max-image-preview:large, max-video-preview:-1\" \/>\n<link rel=\"canonical\" href=\"https:\/\/pereboil.com\/es\/fp-llistats-provisionals-dadmesos-i-no-admesos-en-cicles-de-grau-mitja-grau-superior-i-semipresencial-per-a-curs-2024-2025\/\" \/>\n<meta property=\"og:locale\" content=\"es_ES\" \/>\n<meta property=\"og:type\" content=\"article\" \/>\n<meta property=\"og:title\" content=\"FP \u2013 Listados Provisionales de admitidos y no admitidos en Ciclos de Grado Medio, Grado Superior y Semipresencial para curso 2024\/2025 - IES Pere Bo\u00efl\" \/>\n<meta property=\"og:description\" content=\"Se informa que ya est\u00e1n disponibles los listados provisionales de admitidos y no admitidos en ciclos de Grado Medio, Grado Superior y Semipresencial. Queda abierto el periodo de reclamaciones del 9 al 11 de julio a trav\u00e9s del portal ADMINOVA https:\/\/portal.edu.gva.es\/adminova\/es\/fp\/ Una vez se publiquen los listados definitivos de admitidos el 23 de Julio de... Leer M\u00e1s\" \/>\n<meta property=\"og:url\" content=\"https:\/\/pereboil.com\/es\/fp-llistats-provisionals-dadmesos-i-no-admesos-en-cicles-de-grau-mitja-grau-superior-i-semipresencial-per-a-curs-2024-2025\/\" \/>\n<meta property=\"og:site_name\" content=\"IES Pere Bo\u00efl\" \/>\n<meta property=\"article:published_time\" content=\"2024-07-09T10:51:10+00:00\" \/>\n<meta property=\"article:modified_time\" content=\"2024-07-09T10:52:25+00:00\" \/>\n<meta property=\"og:image\" content=\"https:\/\/pereboil.com\/wp-content\/uploads\/2024\/07\/fp-cv.png\" \/>\n\t<meta property=\"og:image:width\" content=\"632\" \/>\n\t<meta property=\"og:image:height\" content=\"454\" \/>\n\t<meta property=\"og:image:type\" content=\"image\/png\" \/>\n<meta name=\"author\" content=\"pereboil\" \/>\n<meta name=\"twitter:card\" content=\"summary_large_image\" \/>\n<meta name=\"twitter:label1\" content=\"Escrito por\" \/>\n\t<meta name=\"twitter:data1\" content=\"pereboil\" \/>\n\t<meta name=\"twitter:label2\" content=\"Tiempo de lectura\" \/>\n\t<meta name=\"twitter:data2\" content=\"1 minuto\" \/>\n<script type=\"application\/ld+json\" class=\"yoast-schema-graph\">{\"@context\":\"https:\/\/schema.org\",\"@graph\":[{\"@type\":\"WebPage\",\"@id\":\"https:\/\/pereboil.com\/es\/fp-llistats-provisionals-dadmesos-i-no-admesos-en-cicles-de-grau-mitja-grau-superior-i-semipresencial-per-a-curs-2024-2025\/\",\"url\":\"https:\/\/pereboil.com\/es\/fp-llistats-provisionals-dadmesos-i-no-admesos-en-cicles-de-grau-mitja-grau-superior-i-semipresencial-per-a-curs-2024-2025\/\",\"name\":\"FP \u2013 Listados Provisionales de admitidos y no admitidos en Ciclos de Grado Medio, Grado Superior y Semipresencial para curso 2024\/2025 - IES Pere Bo\u00efl\",\"isPartOf\":{\"@id\":\"https:\/\/pereboil.com\/#website\"},\"primaryImageOfPage\":{\"@id\":\"https:\/\/pereboil.com\/es\/fp-llistats-provisionals-dadmesos-i-no-admesos-en-cicles-de-grau-mitja-grau-superior-i-semipresencial-per-a-curs-2024-2025\/#primaryimage\"},\"image\":{\"@id\":\"https:\/\/pereboil.com\/es\/fp-llistats-provisionals-dadmesos-i-no-admesos-en-cicles-de-grau-mitja-grau-superior-i-semipresencial-per-a-curs-2024-2025\/#primaryimage\"},\"thumbnailUrl\":\"https:\/\/pereboil.com\/wp-content\/uploads\/2024\/07\/fp-cv-e1721042091944.png\",\"datePublished\":\"2024-07-09T10:51:10+00:00\",\"dateModified\":\"2024-07-09T10:52:25+00:00\",\"author\":{\"@id\":\"https:\/\/pereboil.com\/#\/schema\/person\/df0ec777cbf2256241475f17d2c2eaa8\"},\"breadcrumb\":{\"@id\":\"https:\/\/pereboil.com\/es\/fp-llistats-provisionals-dadmesos-i-no-admesos-en-cicles-de-grau-mitja-grau-superior-i-semipresencial-per-a-curs-2024-2025\/#breadcrumb\"},\"inLanguage\":\"es\",\"potentialAction\":[{\"@type\":\"ReadAction\",\"target\":[\"https:\/\/pereboil.com\/es\/fp-llistats-provisionals-dadmesos-i-no-admesos-en-cicles-de-grau-mitja-grau-superior-i-semipresencial-per-a-curs-2024-2025\/\"]}]},{\"@type\":\"ImageObject\",\"inLanguage\":\"es\",\"@id\":\"https:\/\/pereboil.com\/es\/fp-llistats-provisionals-dadmesos-i-no-admesos-en-cicles-de-grau-mitja-grau-superior-i-semipresencial-per-a-curs-2024-2025\/#primaryimage\",\"url\":\"https:\/\/pereboil.com\/wp-content\/uploads\/2024\/07\/fp-cv-e1721042091944.png\",\"contentUrl\":\"https:\/\/pereboil.com\/wp-content\/uploads\/2024\/07\/fp-cv-e1721042091944.png\",\"width\":632,\"height\":454},{\"@type\":\"BreadcrumbList\",\"@id\":\"https:\/\/pereboil.com\/es\/fp-llistats-provisionals-dadmesos-i-no-admesos-en-cicles-de-grau-mitja-grau-superior-i-semipresencial-per-a-curs-2024-2025\/#breadcrumb\",\"itemListElement\":[{\"@type\":\"ListItem\",\"position\":1,\"name\":\"Inici\",\"item\":\"https:\/\/pereboil.com\/es\/\"},{\"@type\":\"ListItem\",\"position\":2,\"name\":\"FP \u2013 Listados Provisionales de admitidos y no admitidos en Ciclos de Grado Medio, Grado Superior y Semipresencial para curso 2024\/2025\"}]},{\"@type\":\"WebSite\",\"@id\":\"https:\/\/pereboil.com\/#website\",\"url\":\"https:\/\/pereboil.com\/\",\"name\":\"IES Pere Bo\u00efl\",\"description\":\"IES Pere Bo\u00efl\",\"potentialAction\":[{\"@type\":\"SearchAction\",\"target\":{\"@type\":\"EntryPoint\",\"urlTemplate\":\"https:\/\/pereboil.com\/?s={search_term_string}\"},\"query-input\":\"required name=search_term_string\"}],\"inLanguage\":\"es\"},{\"@type\":\"Person\",\"@id\":\"https:\/\/pereboil.com\/#\/schema\/person\/df0ec777cbf2256241475f17d2c2eaa8\",\"name\":\"pereboil\",\"image\":{\"@type\":\"ImageObject\",\"inLanguage\":\"es\",\"@id\":\"https:\/\/pereboil.com\/#\/schema\/person\/image\/\",\"url\":\"https:\/\/secure.gravatar.com\/avatar\/7d12a41ff5a2c0654e5b7c09dbe3f636?s=96&d=mm&r=g\",\"contentUrl\":\"https:\/\/secure.gravatar.com\/avatar\/7d12a41ff5a2c0654e5b7c09dbe3f636?s=96&d=mm&r=g\",\"caption\":\"pereboil\"},\"url\":\"https:\/\/pereboil.com\/es\/author\/pereboil\/\"}]}<\/script>\n<!-- \/ Yoast SEO plugin. -->","yoast_head_json":{"title":"FP \u2013 Listados Provisionales de admitidos y no admitidos en Ciclos de Grado Medio, Grado Superior y Semipresencial para curso 2024\/2025 - IES Pere Bo\u00efl","robots":{"index":"index","follow":"follow","max-snippet":"max-snippet:-1","max-image-preview":"max-image-preview:large","max-video-preview":"max-video-preview:-1"},"canonical":"https:\/\/pereboil.com\/es\/fp-llistats-provisionals-dadmesos-i-no-admesos-en-cicles-de-grau-mitja-grau-superior-i-semipresencial-per-a-curs-2024-2025\/","og_locale":"es_ES","og_type":"article","og_title":"FP \u2013 Listados Provisionales de admitidos y no admitidos en Ciclos de Grado Medio, Grado Superior y Semipresencial para curso 2024\/2025 - IES Pere Bo\u00efl","og_description":"Se informa que ya est\u00e1n disponibles los listados provisionales de admitidos y no admitidos en ciclos de Grado Medio, Grado Superior y Semipresencial. Queda abierto el periodo de reclamaciones del 9 al 11 de julio a trav\u00e9s del portal ADMINOVA https:\/\/portal.edu.gva.es\/adminova\/es\/fp\/ Una vez se publiquen los listados definitivos de admitidos el 23 de Julio de... Leer M\u00e1s","og_url":"https:\/\/pereboil.com\/es\/fp-llistats-provisionals-dadmesos-i-no-admesos-en-cicles-de-grau-mitja-grau-superior-i-semipresencial-per-a-curs-2024-2025\/","og_site_name":"IES Pere Bo\u00efl","article_published_time":"2024-07-09T10:51:10+00:00","article_modified_time":"2024-07-09T10:52:25+00:00","og_image":[{"width":632,"height":454,"url":"https:\/\/pereboil.com\/wp-content\/uploads\/2024\/07\/fp-cv.png","type":"image\/png"}],"author":"pereboil","twitter_card":"summary_large_image","twitter_misc":{"Escrito por":"pereboil","Tiempo de lectura":"1 minuto"},"schema":{"@context":"https:\/\/schema.org","@graph":[{"@type":"WebPage","@id":"https:\/\/pereboil.com\/es\/fp-llistats-provisionals-dadmesos-i-no-admesos-en-cicles-de-grau-mitja-grau-superior-i-semipresencial-per-a-curs-2024-2025\/","url":"https:\/\/pereboil.com\/es\/fp-llistats-provisionals-dadmesos-i-no-admesos-en-cicles-de-grau-mitja-grau-superior-i-semipresencial-per-a-curs-2024-2025\/","name":"FP \u2013 Listados Provisionales de admitidos y no admitidos en Ciclos de Grado Medio, Grado Superior y Semipresencial para curso 2024\/2025 - IES Pere Bo\u00efl","isPartOf":{"@id":"https:\/\/pereboil.com\/#website"},"primaryImageOfPage":{"@id":"https:\/\/pereboil.com\/es\/fp-llistats-provisionals-dadmesos-i-no-admesos-en-cicles-de-grau-mitja-grau-superior-i-semipresencial-per-a-curs-2024-2025\/#primaryimage"},"image":{"@id":"https:\/\/pereboil.com\/es\/fp-llistats-provisionals-dadmesos-i-no-admesos-en-cicles-de-grau-mitja-grau-superior-i-semipresencial-per-a-curs-2024-2025\/#primaryimage"},"thumbnailUrl":"https:\/\/pereboil.com\/wp-content\/uploads\/2024\/07\/fp-cv-e1721042091944.png","datePublished":"2024-07-09T10:51:10+00:00","dateModified":"2024-07-09T10:52:25+00:00","author":{"@id":"https:\/\/pereboil.com\/#\/schema\/person\/df0ec777cbf2256241475f17d2c2eaa8"},"breadcrumb":{"@id":"https:\/\/pereboil.com\/es\/fp-llistats-provisionals-dadmesos-i-no-admesos-en-cicles-de-grau-mitja-grau-superior-i-semipresencial-per-a-curs-2024-2025\/#breadcrumb"},"inLanguage":"es","potentialAction":[{"@type":"ReadAction","target":["https:\/\/pereboil.com\/es\/fp-llistats-provisionals-dadmesos-i-no-admesos-en-cicles-de-grau-mitja-grau-superior-i-semipresencial-per-a-curs-2024-2025\/"]}]},{"@type":"ImageObject","inLanguage":"es","@id":"https:\/\/pereboil.com\/es\/fp-llistats-provisionals-dadmesos-i-no-admesos-en-cicles-de-grau-mitja-grau-superior-i-semipresencial-per-a-curs-2024-2025\/#primaryimage","url":"https:\/\/pereboil.com\/wp-content\/uploads\/2024\/07\/fp-cv-e1721042091944.png","contentUrl":"https:\/\/pereboil.com\/wp-content\/uploads\/2024\/07\/fp-cv-e1721042091944.png","width":632,"height":454},{"@type":"BreadcrumbList","@id":"https:\/\/pereboil.com\/es\/fp-llistats-provisionals-dadmesos-i-no-admesos-en-cicles-de-grau-mitja-grau-superior-i-semipresencial-per-a-curs-2024-2025\/#breadcrumb","itemListElement":[{"@type":"ListItem","position":1,"name":"Inici","item":"https:\/\/pereboil.com\/es\/"},{"@type":"ListItem","position":2,"name":"FP \u2013 Listados Provisionales de admitidos y no admitidos en Ciclos de Grado Medio, Grado Superior y Semipresencial para curso 2024\/2025"}]},{"@type":"WebSite","@id":"https:\/\/pereboil.com\/#website","url":"https:\/\/pereboil.com\/","name":"IES Pere Bo\u00efl","description":"IES Pere Bo\u00efl","potentialAction":[{"@type":"SearchAction","target":{"@type":"EntryPoint","urlTemplate":"https:\/\/pereboil.com\/?s={search_term_string}"},"query-input":"required name=search_term_string"}],"inLanguage":"es"},{"@type":"Person","@id":"https:\/\/pereboil.com\/#\/schema\/person\/df0ec777cbf2256241475f17d2c2eaa8","name":"pereboil","image":{"@type":"ImageObject","inLanguage":"es","@id":"https:\/\/pereboil.com\/#\/schema\/person\/image\/","url":"https:\/\/secure.gravatar.com\/avatar\/7d12a41ff5a2c0654e5b7c09dbe3f636?s=96&d=mm&r=g","contentUrl":"https:\/\/secure.gravatar.com\/avatar\/7d12a41ff5a2c0654e5b7c09dbe3f636?s=96&d=mm&r=g","caption":"pereboil"},"url":"https:\/\/pereboil.com\/es\/author\/pereboil\/"}]}},"jetpack_featured_media_url":"https:\/\/pereboil.com\/wp-content\/uploads\/2024\/07\/fp-cv-e1721042091944.png","jetpack_sharing_enabled":true,"jetpack_shortlink":"https:\/\/wp.me\/p7xOKx-5nR","_links":{"self":[{"href":"https:\/\/pereboil.com\/es\/wp-json\/wp\/v2\/posts\/20699"}],"collection":[{"href":"https:\/\/pereboil.com\/es\/wp-json\/wp\/v2\/posts"}],"about":[{"href":"https:\/\/pereboil.com\/es\/wp-json\/wp\/v2\/types\/post"}],"author":[{"embeddable":true,"href":"https:\/\/pereboil.com\/es\/wp-json\/wp\/v2\/users\/2"}],"replies":[{"embeddable":true,"href":"https:\/\/pereboil.com\/es\/wp-json\/wp\/v2\/comments?post=20699"}],"version-history":[{"count":1,"href":"https:\/\/pereboil.com\/es\/wp-json\/wp\/v2\/posts\/20699\/revisions"}],"predecessor-version":[{"id":20700,"href":"https:\/\/pereboil.com\/es\/wp-json\/wp\/v2\/posts\/20699\/revisions\/20700"}],"wp:featuredmedia":[{"embeddable":true,"href":"https:\/\/pereboil.com\/es\/wp-json\/wp\/v2\/media\/20697"}],"wp:attachment":[{"href":"https:\/\/pereboil.com\/es\/wp-json\/wp\/v2\/media?parent=20699"}],"wp:term":[{"taxonomy":"category","embeddable":true,"href":"https:\/\/pereboil.com\/es\/wp-json\/wp\/v2\/categories?post=20699"},{"taxonomy":"post_tag","embeddable":true,"href":"https:\/\/pereboil.com\/es\/wp-json\/wp\/v2\/tags?post=20699"}],"curies":[{"name":"wp","href":"https:\/\/api.w.org\/{rel}","templated":true}]}}