{"id":1993,"date":"2016-11-21T15:00:07","date_gmt":"2016-11-21T13:00:07","guid":{"rendered":"http:\/\/www.pereboil.com\/es\/?p=1993"},"modified":"2016-11-21T15:06:30","modified_gmt":"2016-11-21T13:06:30","slug":"actividades-dia-mundial-contra-la-violencia-de-genero","status":"publish","type":"post","link":"https:\/\/pereboil.com\/es\/actividades-dia-mundial-contra-la-violencia-de-genero\/","title":{"rendered":"ACTIVIDADES DIA MUNDIAL CONTRA LA VIOLENCIA DE G\u00c9NERO"},"content":{"rendered":"<p>El pr\u00f3ximo d\u00eda 25 de noviembre el I.E.S. Pere Bo\u00efl ha preparado una serie de actividades siguiendo la propuesta de Naciones Unidas en el <strong>\u00abDia Internacional contra la violencia de g\u00e9nero\u00bb.<\/strong><\/p>\n<p>Adjunto ten\u00e9is el cartel que han preparado los alumnos con\u00a0la colaboraci\u00f3n del departamento de A.A E.E. y el de EPVA.<\/p>\n<p><a href=\"http:\/\/www.pereboil.com\/wp-content\/uploads\/2016\/11\/violencia-genere.png\"><img loading=\"lazy\" decoding=\"async\" class=\"alignnone wp-image-1989 size-medium\" src=\"http:\/\/www.pereboil.com\/wp-content\/uploads\/2016\/11\/violencia-genere-212x300.png\" alt=\"Viol\u00e8ncia g\u00e8nere\" width=\"212\" height=\"300\" srcset=\"https:\/\/pereboil.com\/wp-content\/uploads\/2016\/11\/violencia-genere-212x300.png 212w, https:\/\/pereboil.com\/wp-content\/uploads\/2016\/11\/violencia-genere-768x1086.png 768w, https:\/\/pereboil.com\/wp-content\/uploads\/2016\/11\/violencia-genere-724x1024.png 724w, https:\/\/pereboil.com\/wp-content\/uploads\/2016\/11\/violencia-genere.png 1190w\" sizes=\"(max-width: 212px) 100vw, 212px\" \/><\/a><\/p>\n","protected":false},"excerpt":{"rendered":"<p>El pr\u00f3ximo d\u00eda 25 de noviembre el I.E.S. Pere Bo\u00efl ha preparado una serie de actividades siguiendo la propuesta de Naciones Unidas en el \u00abDia Internacional contra la violencia de g\u00e9nero\u00bb. Adjunto ten\u00e9is el cartel que han preparado los alumnos con\u00a0la colaboraci\u00f3n del departamento de A.A E.E. y el de EPVA.<\/p>\n","protected":false},"author":2,"featured_media":1990,"comment_status":"closed","ping_status":"closed","sticky":false,"template":"","format":"standard","meta":{"jetpack_post_was_ever_published":false,"_jetpack_newsletter_access":"","_jetpack_dont_email_post_to_subs":false,"_jetpack_newsletter_tier_id":0,"_jetpack_memberships_contains_paywalled_content":false,"_jetpack_memberships_contains_paid_content":false,"footnotes":"","jetpack_publicize_message":"","jetpack_publicize_feature_enabled":true,"jetpack_social_post_already_shared":true,"jetpack_social_options":{"image_generator_settings":{"template":"highway","enabled":false},"version":2}},"categories":[27,2],"tags":[128,129],"class_list":["post-1993","post","type-post","status-publish","format-standard","has-post-thumbnail","hentry","category-dibujo","category-general-es","tag-25noviembre","tag-igualdad"],"jetpack_publicize_connections":[],"yoast_head":"<!-- This site is optimized with the Yoast SEO plugin v23.0 - https:\/\/yoast.com\/wordpress\/plugins\/seo\/ -->\n<title>ACTIVIDADES DIA MUNDIAL CONTRA LA VIOLENCIA DE G\u00c9NERO - IES Pere Bo\u00efl<\/title>\n<meta name=\"robots\" content=\"index, follow, max-snippet:-1, max-image-preview:large, max-video-preview:-1\" \/>\n<link rel=\"canonical\" href=\"https:\/\/pereboil.com\/es\/actividades-dia-mundial-contra-la-violencia-de-genero\/\" \/>\n<meta property=\"og:locale\" content=\"es_ES\" \/>\n<meta property=\"og:type\" content=\"article\" \/>\n<meta property=\"og:title\" content=\"ACTIVIDADES DIA MUNDIAL CONTRA LA VIOLENCIA DE G\u00c9NERO - IES Pere Bo\u00efl\" \/>\n<meta property=\"og:description\" content=\"El pr\u00f3ximo d\u00eda 25 de noviembre el I.E.S. Pere Bo\u00efl ha preparado una serie de actividades siguiendo la propuesta de Naciones Unidas en el \u00abDia Internacional contra la violencia de g\u00e9nero\u00bb. Adjunto ten\u00e9is el cartel que han preparado los alumnos con\u00a0la colaboraci\u00f3n del departamento de A.A E.E. y el de EPVA.\" \/>\n<meta property=\"og:url\" content=\"https:\/\/pereboil.com\/es\/actividades-dia-mundial-contra-la-violencia-de-genero\/\" \/>\n<meta property=\"og:site_name\" content=\"IES Pere Bo\u00efl\" \/>\n<meta property=\"article:published_time\" content=\"2016-11-21T13:00:07+00:00\" \/>\n<meta property=\"article:modified_time\" content=\"2016-11-21T13:06:30+00:00\" \/>\n<meta property=\"og:image\" content=\"https:\/\/pereboil.com\/wp-content\/uploads\/2016\/11\/violencia-genere.png\" \/>\n\t<meta property=\"og:image:width\" content=\"1190\" \/>\n\t<meta property=\"og:image:height\" content=\"1683\" \/>\n\t<meta property=\"og:image:type\" content=\"image\/png\" \/>\n<meta name=\"author\" content=\"pereboil\" \/>\n<meta name=\"twitter:card\" content=\"summary_large_image\" \/>\n<meta name=\"twitter:label1\" content=\"Escrito por\" \/>\n\t<meta name=\"twitter:data1\" content=\"pereboil\" \/>\n<script type=\"application\/ld+json\" class=\"yoast-schema-graph\">{\"@context\":\"https:\/\/schema.org\",\"@graph\":[{\"@type\":\"WebPage\",\"@id\":\"https:\/\/pereboil.com\/es\/actividades-dia-mundial-contra-la-violencia-de-genero\/\",\"url\":\"https:\/\/pereboil.com\/es\/actividades-dia-mundial-contra-la-violencia-de-genero\/\",\"name\":\"ACTIVIDADES DIA MUNDIAL CONTRA LA VIOLENCIA DE G\u00c9NERO - IES Pere Bo\u00efl\",\"isPartOf\":{\"@id\":\"https:\/\/pereboil.com\/#website\"},\"primaryImageOfPage\":{\"@id\":\"https:\/\/pereboil.com\/es\/actividades-dia-mundial-contra-la-violencia-de-genero\/#primaryimage\"},\"image\":{\"@id\":\"https:\/\/pereboil.com\/es\/actividades-dia-mundial-contra-la-violencia-de-genero\/#primaryimage\"},\"thumbnailUrl\":\"https:\/\/pereboil.com\/wp-content\/uploads\/2016\/11\/violencia-genere.png\",\"datePublished\":\"2016-11-21T13:00:07+00:00\",\"dateModified\":\"2016-11-21T13:06:30+00:00\",\"author\":{\"@id\":\"https:\/\/pereboil.com\/#\/schema\/person\/df0ec777cbf2256241475f17d2c2eaa8\"},\"breadcrumb\":{\"@id\":\"https:\/\/pereboil.com\/es\/actividades-dia-mundial-contra-la-violencia-de-genero\/#breadcrumb\"},\"inLanguage\":\"es\",\"potentialAction\":[{\"@type\":\"ReadAction\",\"target\":[\"https:\/\/pereboil.com\/es\/actividades-dia-mundial-contra-la-violencia-de-genero\/\"]}]},{\"@type\":\"ImageObject\",\"inLanguage\":\"es\",\"@id\":\"https:\/\/pereboil.com\/es\/actividades-dia-mundial-contra-la-violencia-de-genero\/#primaryimage\",\"url\":\"https:\/\/pereboil.com\/wp-content\/uploads\/2016\/11\/violencia-genere.png\",\"contentUrl\":\"https:\/\/pereboil.com\/wp-content\/uploads\/2016\/11\/violencia-genere.png\",\"width\":1190,\"height\":1683},{\"@type\":\"BreadcrumbList\",\"@id\":\"https:\/\/pereboil.com\/es\/actividades-dia-mundial-contra-la-violencia-de-genero\/#breadcrumb\",\"itemListElement\":[{\"@type\":\"ListItem\",\"position\":1,\"name\":\"Inici\",\"item\":\"https:\/\/pereboil.com\/es\/\"},{\"@type\":\"ListItem\",\"position\":2,\"name\":\"ACTIVIDADES DIA MUNDIAL CONTRA LA VIOLENCIA DE G\u00c9NERO\"}]},{\"@type\":\"WebSite\",\"@id\":\"https:\/\/pereboil.com\/#website\",\"url\":\"https:\/\/pereboil.com\/\",\"name\":\"IES Pere Bo\u00efl\",\"description\":\"IES Pere Bo\u00efl\",\"potentialAction\":[{\"@type\":\"SearchAction\",\"target\":{\"@type\":\"EntryPoint\",\"urlTemplate\":\"https:\/\/pereboil.com\/?s={search_term_string}\"},\"query-input\":\"required name=search_term_string\"}],\"inLanguage\":\"es\"},{\"@type\":\"Person\",\"@id\":\"https:\/\/pereboil.com\/#\/schema\/person\/df0ec777cbf2256241475f17d2c2eaa8\",\"name\":\"pereboil\",\"image\":{\"@type\":\"ImageObject\",\"inLanguage\":\"es\",\"@id\":\"https:\/\/pereboil.com\/#\/schema\/person\/image\/\",\"url\":\"https:\/\/secure.gravatar.com\/avatar\/7d12a41ff5a2c0654e5b7c09dbe3f636?s=96&d=mm&r=g\",\"contentUrl\":\"https:\/\/secure.gravatar.com\/avatar\/7d12a41ff5a2c0654e5b7c09dbe3f636?s=96&d=mm&r=g\",\"caption\":\"pereboil\"},\"url\":\"https:\/\/pereboil.com\/es\/author\/pereboil\/\"}]}<\/script>\n<!-- \/ Yoast SEO plugin. -->","yoast_head_json":{"title":"ACTIVIDADES DIA MUNDIAL CONTRA LA VIOLENCIA DE G\u00c9NERO - IES Pere Bo\u00efl","robots":{"index":"index","follow":"follow","max-snippet":"max-snippet:-1","max-image-preview":"max-image-preview:large","max-video-preview":"max-video-preview:-1"},"canonical":"https:\/\/pereboil.com\/es\/actividades-dia-mundial-contra-la-violencia-de-genero\/","og_locale":"es_ES","og_type":"article","og_title":"ACTIVIDADES DIA MUNDIAL CONTRA LA VIOLENCIA DE G\u00c9NERO - IES Pere Bo\u00efl","og_description":"El pr\u00f3ximo d\u00eda 25 de noviembre el I.E.S. Pere Bo\u00efl ha preparado una serie de actividades siguiendo la propuesta de Naciones Unidas en el \u00abDia Internacional contra la violencia de g\u00e9nero\u00bb. Adjunto ten\u00e9is el cartel que han preparado los alumnos con\u00a0la colaboraci\u00f3n del departamento de A.A E.E. y el de EPVA.","og_url":"https:\/\/pereboil.com\/es\/actividades-dia-mundial-contra-la-violencia-de-genero\/","og_site_name":"IES Pere Bo\u00efl","article_published_time":"2016-11-21T13:00:07+00:00","article_modified_time":"2016-11-21T13:06:30+00:00","og_image":[{"width":1190,"height":1683,"url":"https:\/\/pereboil.com\/wp-content\/uploads\/2016\/11\/violencia-genere.png","type":"image\/png"}],"author":"pereboil","twitter_card":"summary_large_image","twitter_misc":{"Escrito por":"pereboil"},"schema":{"@context":"https:\/\/schema.org","@graph":[{"@type":"WebPage","@id":"https:\/\/pereboil.com\/es\/actividades-dia-mundial-contra-la-violencia-de-genero\/","url":"https:\/\/pereboil.com\/es\/actividades-dia-mundial-contra-la-violencia-de-genero\/","name":"ACTIVIDADES DIA MUNDIAL CONTRA LA VIOLENCIA DE G\u00c9NERO - IES Pere Bo\u00efl","isPartOf":{"@id":"https:\/\/pereboil.com\/#website"},"primaryImageOfPage":{"@id":"https:\/\/pereboil.com\/es\/actividades-dia-mundial-contra-la-violencia-de-genero\/#primaryimage"},"image":{"@id":"https:\/\/pereboil.com\/es\/actividades-dia-mundial-contra-la-violencia-de-genero\/#primaryimage"},"thumbnailUrl":"https:\/\/pereboil.com\/wp-content\/uploads\/2016\/11\/violencia-genere.png","datePublished":"2016-11-21T13:00:07+00:00","dateModified":"2016-11-21T13:06:30+00:00","author":{"@id":"https:\/\/pereboil.com\/#\/schema\/person\/df0ec777cbf2256241475f17d2c2eaa8"},"breadcrumb":{"@id":"https:\/\/pereboil.com\/es\/actividades-dia-mundial-contra-la-violencia-de-genero\/#breadcrumb"},"inLanguage":"es","potentialAction":[{"@type":"ReadAction","target":["https:\/\/pereboil.com\/es\/actividades-dia-mundial-contra-la-violencia-de-genero\/"]}]},{"@type":"ImageObject","inLanguage":"es","@id":"https:\/\/pereboil.com\/es\/actividades-dia-mundial-contra-la-violencia-de-genero\/#primaryimage","url":"https:\/\/pereboil.com\/wp-content\/uploads\/2016\/11\/violencia-genere.png","contentUrl":"https:\/\/pereboil.com\/wp-content\/uploads\/2016\/11\/violencia-genere.png","width":1190,"height":1683},{"@type":"BreadcrumbList","@id":"https:\/\/pereboil.com\/es\/actividades-dia-mundial-contra-la-violencia-de-genero\/#breadcrumb","itemListElement":[{"@type":"ListItem","position":1,"name":"Inici","item":"https:\/\/pereboil.com\/es\/"},{"@type":"ListItem","position":2,"name":"ACTIVIDADES DIA MUNDIAL CONTRA LA VIOLENCIA DE G\u00c9NERO"}]},{"@type":"WebSite","@id":"https:\/\/pereboil.com\/#website","url":"https:\/\/pereboil.com\/","name":"IES Pere Bo\u00efl","description":"IES Pere Bo\u00efl","potentialAction":[{"@type":"SearchAction","target":{"@type":"EntryPoint","urlTemplate":"https:\/\/pereboil.com\/?s={search_term_string}"},"query-input":"required name=search_term_string"}],"inLanguage":"es"},{"@type":"Person","@id":"https:\/\/pereboil.com\/#\/schema\/person\/df0ec777cbf2256241475f17d2c2eaa8","name":"pereboil","image":{"@type":"ImageObject","inLanguage":"es","@id":"https:\/\/pereboil.com\/#\/schema\/person\/image\/","url":"https:\/\/secure.gravatar.com\/avatar\/7d12a41ff5a2c0654e5b7c09dbe3f636?s=96&d=mm&r=g","contentUrl":"https:\/\/secure.gravatar.com\/avatar\/7d12a41ff5a2c0654e5b7c09dbe3f636?s=96&d=mm&r=g","caption":"pereboil"},"url":"https:\/\/pereboil.com\/es\/author\/pereboil\/"}]}},"jetpack_featured_media_url":"https:\/\/pereboil.com\/wp-content\/uploads\/2016\/11\/violencia-genere.png","jetpack_sharing_enabled":true,"jetpack_shortlink":"https:\/\/wp.me\/p7xOKx-w9","_links":{"self":[{"href":"https:\/\/pereboil.com\/es\/wp-json\/wp\/v2\/posts\/1993"}],"collection":[{"href":"https:\/\/pereboil.com\/es\/wp-json\/wp\/v2\/posts"}],"about":[{"href":"https:\/\/pereboil.com\/es\/wp-json\/wp\/v2\/types\/post"}],"author":[{"embeddable":true,"href":"https:\/\/pereboil.com\/es\/wp-json\/wp\/v2\/users\/2"}],"replies":[{"embeddable":true,"href":"https:\/\/pereboil.com\/es\/wp-json\/wp\/v2\/comments?post=1993"}],"version-history":[{"count":1,"href":"https:\/\/pereboil.com\/es\/wp-json\/wp\/v2\/posts\/1993\/revisions"}],"predecessor-version":[{"id":1994,"href":"https:\/\/pereboil.com\/es\/wp-json\/wp\/v2\/posts\/1993\/revisions\/1994"}],"wp:featuredmedia":[{"embeddable":true,"href":"https:\/\/pereboil.com\/es\/wp-json\/wp\/v2\/media\/1990"}],"wp:attachment":[{"href":"https:\/\/pereboil.com\/es\/wp-json\/wp\/v2\/media?parent=1993"}],"wp:term":[{"taxonomy":"category","embeddable":true,"href":"https:\/\/pereboil.com\/es\/wp-json\/wp\/v2\/categories?post=1993"},{"taxonomy":"post_tag","embeddable":true,"href":"https:\/\/pereboil.com\/es\/wp-json\/wp\/v2\/tags?post=1993"}],"curies":[{"name":"wp","href":"https:\/\/api.w.org\/{rel}","templated":true}]}}