{"id":1051,"date":"2016-03-01T09:33:19","date_gmt":"2016-03-01T07:33:19","guid":{"rendered":"http:\/\/www.pereboil.com\/wordpress\/es\/charla-oportunidades-de-empleo-y-formacion-en-europa\/"},"modified":"2016-07-14T10:26:45","modified_gmt":"2016-07-14T08:26:45","slug":"charla-oportunidades-de-empleo-y-formacion-en-europa","status":"publish","type":"post","link":"https:\/\/pereboil.com\/es\/charla-oportunidades-de-empleo-y-formacion-en-europa\/","title":{"rendered":"Charla oportunidades de empleo y formaci\u00f3n en Europa"},"content":{"rendered":"<p>El d\u00eda 18 de febrero acudieron al centro los representantes de GVA Europe Direct para realizar la charla <em>Oportunidades de empleo y formaci\u00f3n en Europa<\/em> a la que pudieron acudir los alumnos\/as que as\u00ed lo desearon.<br \/>\n<img loading=\"lazy\" decoding=\"async\" width=\"521\" height=\"350\" class=\"alignnone size-full wp-image-1041\" src=\"http:\/\/www.pereboil.com\/wordpress\/wp-content\/uploads\/2016\/07\/b1-1.jpg\" srcset=\"https:\/\/pereboil.com\/wp-content\/uploads\/2016\/07\/b1-1.jpg 521w, https:\/\/pereboil.com\/wp-content\/uploads\/2016\/07\/b1-1-300x202.jpg 300w\" sizes=\"(max-width: 521px) 100vw, 521px\" \/><br \/>\nEn la charla se trataron los temas siguientes: voluntariado europeo, pr\u00e1cticas en Europa y salida laboral a Europa concretamente los programas Erasmus + pr\u00e1cticas, Eures, Europass\u2026<br \/>\n<img decoding=\"async\" class=\"alignnone size-full wp-image-1043\" src=\"http:\/\/www.pereboil.com\/wordpress\/wp-content\/uploads\/2016\/07\/c1-1.jpg\" \/><br \/>\nLa charla tuvo un alt\u00edsimo grado de asistencia gracias al gran inter\u00e9s del tema tratado para todos los alumnos del centro, ya que participar en uno de estos proyectos puede significar un gran paso en nuestra educaci\u00f3n personal y acad\u00e9mica, adem\u00e1s de permitirnos establecer relaciones con gente de nuestra edad que viva en otros pa\u00edses. Adem\u00e1s de permitirnos obviamente encontrar trabajo, hacer voluntariados y\/o hacer pr\u00e1cticas en \u00e1reas laborales que puedan ser de nuestro inter\u00e9s.<br \/>\n<img decoding=\"async\" src=\"http:\/\/www.pereboil.com\/wordpress\/wp-content\/uploads\/2016\/07\/d1-2.jpg\" class=\"alignnone size-full wp-image-1046\" \/><br \/>\nQueremos dar las gracias a V\u00edctor y Pau del proyecto Europadirect por haber venido a informarnos y habernos dado una charla tan estimulante.<\/p>\n<p>Un saludo, IES Pere Bo\u00efl.<\/p>\n","protected":false},"excerpt":{"rendered":"<p>El d\u00eda 18 de febrero acudieron al centro los representantes de GVA Europe Direct para realizar la charla Oportunidades de empleo y formaci\u00f3n en Europa a la que pudieron acudir los alumnos\/as que as\u00ed lo desearon. En la charla se trataron los temas siguientes: voluntariado europeo, pr\u00e1cticas en Europa y salida laboral a Europa concretamente&#8230; <a href=\"https:\/\/pereboil.com\/es\/charla-oportunidades-de-empleo-y-formacion-en-europa\/\" class=\"excerpt-read-more\">Leer M\u00e1s<\/a><\/p>\n","protected":false},"author":1,"featured_media":21882,"comment_status":"closed","ping_status":"closed","sticky":false,"template":"","format":"standard","meta":{"jetpack_post_was_ever_published":false,"_jetpack_newsletter_access":"","_jetpack_dont_email_post_to_subs":false,"_jetpack_newsletter_tier_id":0,"_jetpack_memberships_contains_paywalled_content":false,"_jetpack_memberships_contains_paid_content":false,"footnotes":"","jetpack_publicize_message":"","jetpack_publicize_feature_enabled":true,"jetpack_social_post_already_shared":true,"jetpack_social_options":{"image_generator_settings":{"template":"highway","enabled":false},"version":2}},"categories":[97],"tags":[109],"class_list":["post-1051","post","type-post","status-publish","format-standard","has-post-thumbnail","hentry","category-euroscola-es","tag-comun"],"jetpack_publicize_connections":[],"yoast_head":"<!-- This site is optimized with the Yoast SEO plugin v23.0 - https:\/\/yoast.com\/wordpress\/plugins\/seo\/ -->\n<title>Charla oportunidades de empleo y formaci\u00f3n en Europa - IES Pere Bo\u00efl<\/title>\n<meta name=\"robots\" content=\"index, follow, max-snippet:-1, max-image-preview:large, max-video-preview:-1\" \/>\n<link rel=\"canonical\" href=\"https:\/\/pereboil.com\/es\/charla-oportunidades-de-empleo-y-formacion-en-europa\/\" \/>\n<meta property=\"og:locale\" content=\"es_ES\" \/>\n<meta property=\"og:type\" content=\"article\" \/>\n<meta property=\"og:title\" content=\"Charla oportunidades de empleo y formaci\u00f3n en Europa - IES Pere Bo\u00efl\" \/>\n<meta property=\"og:description\" content=\"El d\u00eda 18 de febrero acudieron al centro los representantes de GVA Europe Direct para realizar la charla Oportunidades de empleo y formaci\u00f3n en Europa a la que pudieron acudir los alumnos\/as que as\u00ed lo desearon. En la charla se trataron los temas siguientes: voluntariado europeo, pr\u00e1cticas en Europa y salida laboral a Europa concretamente... Leer M\u00e1s\" \/>\n<meta property=\"og:url\" content=\"https:\/\/pereboil.com\/es\/charla-oportunidades-de-empleo-y-formacion-en-europa\/\" \/>\n<meta property=\"og:site_name\" content=\"IES Pere Bo\u00efl\" \/>\n<meta property=\"article:published_time\" content=\"2016-03-01T07:33:19+00:00\" \/>\n<meta property=\"article:modified_time\" content=\"2016-07-14T08:26:45+00:00\" \/>\n<meta property=\"og:image\" content=\"https:\/\/pereboil.com\/wp-content\/uploads\/2016\/11\/img_default.jpg\" \/>\n\t<meta property=\"og:image:width\" content=\"350\" \/>\n\t<meta property=\"og:image:height\" content=\"280\" \/>\n\t<meta property=\"og:image:type\" content=\"image\/jpeg\" \/>\n<meta name=\"author\" content=\"admin\" \/>\n<meta name=\"twitter:card\" content=\"summary_large_image\" \/>\n<meta name=\"twitter:label1\" content=\"Escrito por\" \/>\n\t<meta name=\"twitter:data1\" content=\"admin\" \/>\n\t<meta name=\"twitter:label2\" content=\"Tiempo de lectura\" \/>\n\t<meta name=\"twitter:data2\" content=\"1 minuto\" \/>\n<script type=\"application\/ld+json\" class=\"yoast-schema-graph\">{\"@context\":\"https:\/\/schema.org\",\"@graph\":[{\"@type\":\"WebPage\",\"@id\":\"https:\/\/pereboil.com\/es\/charla-oportunidades-de-empleo-y-formacion-en-europa\/\",\"url\":\"https:\/\/pereboil.com\/es\/charla-oportunidades-de-empleo-y-formacion-en-europa\/\",\"name\":\"Charla oportunidades de empleo y formaci\u00f3n en Europa - IES Pere Bo\u00efl\",\"isPartOf\":{\"@id\":\"https:\/\/pereboil.com\/#website\"},\"primaryImageOfPage\":{\"@id\":\"https:\/\/pereboil.com\/es\/charla-oportunidades-de-empleo-y-formacion-en-europa\/#primaryimage\"},\"image\":{\"@id\":\"https:\/\/pereboil.com\/es\/charla-oportunidades-de-empleo-y-formacion-en-europa\/#primaryimage\"},\"thumbnailUrl\":\"https:\/\/pereboil.com\/wp-content\/uploads\/2025\/09\/logo-ies-pere-boil-def_logo-ies-pere-boil-principal-color.jpg\",\"datePublished\":\"2016-03-01T07:33:19+00:00\",\"dateModified\":\"2016-07-14T08:26:45+00:00\",\"author\":{\"@id\":\"https:\/\/pereboil.com\/#\/schema\/person\/3f9deaa1be0b4d8eb1d0851c9b8c86b3\"},\"breadcrumb\":{\"@id\":\"https:\/\/pereboil.com\/es\/charla-oportunidades-de-empleo-y-formacion-en-europa\/#breadcrumb\"},\"inLanguage\":\"es\",\"potentialAction\":[{\"@type\":\"ReadAction\",\"target\":[\"https:\/\/pereboil.com\/es\/charla-oportunidades-de-empleo-y-formacion-en-europa\/\"]}]},{\"@type\":\"ImageObject\",\"inLanguage\":\"es\",\"@id\":\"https:\/\/pereboil.com\/es\/charla-oportunidades-de-empleo-y-formacion-en-europa\/#primaryimage\",\"url\":\"https:\/\/pereboil.com\/wp-content\/uploads\/2025\/09\/logo-ies-pere-boil-def_logo-ies-pere-boil-principal-color.jpg\",\"contentUrl\":\"https:\/\/pereboil.com\/wp-content\/uploads\/2025\/09\/logo-ies-pere-boil-def_logo-ies-pere-boil-principal-color.jpg\",\"width\":2117,\"height\":799},{\"@type\":\"BreadcrumbList\",\"@id\":\"https:\/\/pereboil.com\/es\/charla-oportunidades-de-empleo-y-formacion-en-europa\/#breadcrumb\",\"itemListElement\":[{\"@type\":\"ListItem\",\"position\":1,\"name\":\"Inici\",\"item\":\"https:\/\/pereboil.com\/es\/\"},{\"@type\":\"ListItem\",\"position\":2,\"name\":\"Charla oportunidades de empleo y formaci\u00f3n en Europa\"}]},{\"@type\":\"WebSite\",\"@id\":\"https:\/\/pereboil.com\/#website\",\"url\":\"https:\/\/pereboil.com\/\",\"name\":\"IES Pere Bo\u00efl\",\"description\":\"IES Pere Bo\u00efl\",\"potentialAction\":[{\"@type\":\"SearchAction\",\"target\":{\"@type\":\"EntryPoint\",\"urlTemplate\":\"https:\/\/pereboil.com\/?s={search_term_string}\"},\"query-input\":\"required name=search_term_string\"}],\"inLanguage\":\"es\"},{\"@type\":\"Person\",\"@id\":\"https:\/\/pereboil.com\/#\/schema\/person\/3f9deaa1be0b4d8eb1d0851c9b8c86b3\",\"name\":\"admin\",\"image\":{\"@type\":\"ImageObject\",\"inLanguage\":\"es\",\"@id\":\"https:\/\/pereboil.com\/#\/schema\/person\/image\/\",\"url\":\"https:\/\/secure.gravatar.com\/avatar\/1821ad5b9bd3d2e87653d1627e037d44?s=96&d=mm&r=g\",\"contentUrl\":\"https:\/\/secure.gravatar.com\/avatar\/1821ad5b9bd3d2e87653d1627e037d44?s=96&d=mm&r=g\",\"caption\":\"admin\"},\"url\":\"https:\/\/pereboil.com\/es\/author\/admin\/\"}]}<\/script>\n<!-- \/ Yoast SEO plugin. -->","yoast_head_json":{"title":"Charla oportunidades de empleo y formaci\u00f3n en Europa - IES Pere Bo\u00efl","robots":{"index":"index","follow":"follow","max-snippet":"max-snippet:-1","max-image-preview":"max-image-preview:large","max-video-preview":"max-video-preview:-1"},"canonical":"https:\/\/pereboil.com\/es\/charla-oportunidades-de-empleo-y-formacion-en-europa\/","og_locale":"es_ES","og_type":"article","og_title":"Charla oportunidades de empleo y formaci\u00f3n en Europa - IES Pere Bo\u00efl","og_description":"El d\u00eda 18 de febrero acudieron al centro los representantes de GVA Europe Direct para realizar la charla Oportunidades de empleo y formaci\u00f3n en Europa a la que pudieron acudir los alumnos\/as que as\u00ed lo desearon. En la charla se trataron los temas siguientes: voluntariado europeo, pr\u00e1cticas en Europa y salida laboral a Europa concretamente... Leer M\u00e1s","og_url":"https:\/\/pereboil.com\/es\/charla-oportunidades-de-empleo-y-formacion-en-europa\/","og_site_name":"IES Pere Bo\u00efl","article_published_time":"2016-03-01T07:33:19+00:00","article_modified_time":"2016-07-14T08:26:45+00:00","og_image":[{"width":350,"height":280,"url":"https:\/\/pereboil.com\/wp-content\/uploads\/2016\/11\/img_default.jpg","type":"image\/jpeg"}],"author":"admin","twitter_card":"summary_large_image","twitter_misc":{"Escrito por":"admin","Tiempo de lectura":"1 minuto"},"schema":{"@context":"https:\/\/schema.org","@graph":[{"@type":"WebPage","@id":"https:\/\/pereboil.com\/es\/charla-oportunidades-de-empleo-y-formacion-en-europa\/","url":"https:\/\/pereboil.com\/es\/charla-oportunidades-de-empleo-y-formacion-en-europa\/","name":"Charla oportunidades de empleo y formaci\u00f3n en Europa - IES Pere Bo\u00efl","isPartOf":{"@id":"https:\/\/pereboil.com\/#website"},"primaryImageOfPage":{"@id":"https:\/\/pereboil.com\/es\/charla-oportunidades-de-empleo-y-formacion-en-europa\/#primaryimage"},"image":{"@id":"https:\/\/pereboil.com\/es\/charla-oportunidades-de-empleo-y-formacion-en-europa\/#primaryimage"},"thumbnailUrl":"https:\/\/pereboil.com\/wp-content\/uploads\/2025\/09\/logo-ies-pere-boil-def_logo-ies-pere-boil-principal-color.jpg","datePublished":"2016-03-01T07:33:19+00:00","dateModified":"2016-07-14T08:26:45+00:00","author":{"@id":"https:\/\/pereboil.com\/#\/schema\/person\/3f9deaa1be0b4d8eb1d0851c9b8c86b3"},"breadcrumb":{"@id":"https:\/\/pereboil.com\/es\/charla-oportunidades-de-empleo-y-formacion-en-europa\/#breadcrumb"},"inLanguage":"es","potentialAction":[{"@type":"ReadAction","target":["https:\/\/pereboil.com\/es\/charla-oportunidades-de-empleo-y-formacion-en-europa\/"]}]},{"@type":"ImageObject","inLanguage":"es","@id":"https:\/\/pereboil.com\/es\/charla-oportunidades-de-empleo-y-formacion-en-europa\/#primaryimage","url":"https:\/\/pereboil.com\/wp-content\/uploads\/2025\/09\/logo-ies-pere-boil-def_logo-ies-pere-boil-principal-color.jpg","contentUrl":"https:\/\/pereboil.com\/wp-content\/uploads\/2025\/09\/logo-ies-pere-boil-def_logo-ies-pere-boil-principal-color.jpg","width":2117,"height":799},{"@type":"BreadcrumbList","@id":"https:\/\/pereboil.com\/es\/charla-oportunidades-de-empleo-y-formacion-en-europa\/#breadcrumb","itemListElement":[{"@type":"ListItem","position":1,"name":"Inici","item":"https:\/\/pereboil.com\/es\/"},{"@type":"ListItem","position":2,"name":"Charla oportunidades de empleo y formaci\u00f3n en Europa"}]},{"@type":"WebSite","@id":"https:\/\/pereboil.com\/#website","url":"https:\/\/pereboil.com\/","name":"IES Pere Bo\u00efl","description":"IES Pere Bo\u00efl","potentialAction":[{"@type":"SearchAction","target":{"@type":"EntryPoint","urlTemplate":"https:\/\/pereboil.com\/?s={search_term_string}"},"query-input":"required name=search_term_string"}],"inLanguage":"es"},{"@type":"Person","@id":"https:\/\/pereboil.com\/#\/schema\/person\/3f9deaa1be0b4d8eb1d0851c9b8c86b3","name":"admin","image":{"@type":"ImageObject","inLanguage":"es","@id":"https:\/\/pereboil.com\/#\/schema\/person\/image\/","url":"https:\/\/secure.gravatar.com\/avatar\/1821ad5b9bd3d2e87653d1627e037d44?s=96&d=mm&r=g","contentUrl":"https:\/\/secure.gravatar.com\/avatar\/1821ad5b9bd3d2e87653d1627e037d44?s=96&d=mm&r=g","caption":"admin"},"url":"https:\/\/pereboil.com\/es\/author\/admin\/"}]}},"jetpack_featured_media_url":"https:\/\/pereboil.com\/wp-content\/uploads\/2025\/09\/logo-ies-pere-boil-def_logo-ies-pere-boil-principal-color.jpg","jetpack_sharing_enabled":true,"jetpack_shortlink":"https:\/\/wp.me\/p7xOKx-gX","_links":{"self":[{"href":"https:\/\/pereboil.com\/es\/wp-json\/wp\/v2\/posts\/1051"}],"collection":[{"href":"https:\/\/pereboil.com\/es\/wp-json\/wp\/v2\/posts"}],"about":[{"href":"https:\/\/pereboil.com\/es\/wp-json\/wp\/v2\/types\/post"}],"author":[{"embeddable":true,"href":"https:\/\/pereboil.com\/es\/wp-json\/wp\/v2\/users\/1"}],"replies":[{"embeddable":true,"href":"https:\/\/pereboil.com\/es\/wp-json\/wp\/v2\/comments?post=1051"}],"version-history":[{"count":1,"href":"https:\/\/pereboil.com\/es\/wp-json\/wp\/v2\/posts\/1051\/revisions"}],"predecessor-version":[{"id":1080,"href":"https:\/\/pereboil.com\/es\/wp-json\/wp\/v2\/posts\/1051\/revisions\/1080"}],"wp:featuredmedia":[{"embeddable":true,"href":"https:\/\/pereboil.com\/es\/wp-json\/wp\/v2\/media\/21882"}],"wp:attachment":[{"href":"https:\/\/pereboil.com\/es\/wp-json\/wp\/v2\/media?parent=1051"}],"wp:term":[{"taxonomy":"category","embeddable":true,"href":"https:\/\/pereboil.com\/es\/wp-json\/wp\/v2\/categories?post=1051"},{"taxonomy":"post_tag","embeddable":true,"href":"https:\/\/pereboil.com\/es\/wp-json\/wp\/v2\/tags?post=1051"}],"curies":[{"name":"wp","href":"https:\/\/api.w.org\/{rel}","templated":true}]}}