{"id":10048,"date":"2019-05-30T09:21:28","date_gmt":"2019-05-30T07:21:28","guid":{"rendered":"http:\/\/www.pereboil.com\/graduacio-2019-2\/"},"modified":"2019-05-30T09:28:20","modified_gmt":"2019-05-30T07:28:20","slug":"graduacio-2019-2","status":"publish","type":"post","link":"https:\/\/pereboil.com\/es\/graduacio-2019-2\/","title":{"rendered":"GRADUACI\u00d3N 2019"},"content":{"rendered":"<p>El d\u00eda 24 de mayo celebramos en nuestro centro el acto de\u00a0<strong>Graduaci\u00f3n 2019<\/strong>.<\/p>\n<p>Se graduaron m\u00e1s de 150 alumnos de 4\u00ba de la ESO, 2\u00ba de Bachillerato, y los Ciclos Formativos medio y superior de 2\u00ba de Administraci\u00f3n y Finanzas.<\/p>\n<p>A pesar de las inclemencias del tiempo, se vivieron momentos muy emotivos, divertidos y entra\u00f1ables con los discursos y detalles de los alumnos.<\/p>\n<p>Muchas gracias a las organizadoras del acto, a los alumnos y alumnas de 1\u00ba BI que colaboraron en todo lo que es necesario y a todos los asistentes.<\/p>\n<p>Os dejamos el enlace con las im\u00e1genes del acto.<\/p>\n<p><a href=\"https:\/\/www.facebook.com\/profile.php?id=100010438752101&amp;sk=media_set&amp;set=a.871991543158796&amp;type=3\" target=\"_blank\" rel=\"noopener\">https:\/\/www.facebook.com\/profile.php?id=100010438752101&amp;sk=media_set&amp;set=a.871991543158796&amp;type=3<\/a><\/p>\n<p>\u00a1Hasta el a\u00f1o que viene!<\/p>\n","protected":false},"excerpt":{"rendered":"<p>El d\u00eda 24 de mayo celebramos en nuestro centro el acto de\u00a0Graduaci\u00f3n 2019. Se graduaron m\u00e1s de 150 alumnos de 4\u00ba de la ESO, 2\u00ba de Bachillerato, y los Ciclos Formativos medio y superior de 2\u00ba de Administraci\u00f3n y Finanzas. A pesar de las inclemencias del tiempo, se vivieron momentos muy emotivos, divertidos y entra\u00f1ables&#8230; <a href=\"https:\/\/pereboil.com\/es\/graduacio-2019-2\/\" class=\"excerpt-read-more\">Leer M\u00e1s<\/a><\/p>\n","protected":false},"author":2,"featured_media":10045,"comment_status":"closed","ping_status":"closed","sticky":false,"template":"","format":"standard","meta":{"jetpack_post_was_ever_published":false,"_jetpack_newsletter_access":"","_jetpack_dont_email_post_to_subs":false,"_jetpack_newsletter_tier_id":0,"_jetpack_memberships_contains_paywalled_content":false,"_jetpack_memberships_contains_paid_content":false,"footnotes":"","jetpack_publicize_message":"","jetpack_publicize_feature_enabled":true,"jetpack_social_post_already_shared":true,"jetpack_social_options":{"image_generator_settings":{"template":"highway","enabled":false},"version":2}},"categories":[2],"tags":[363],"class_list":["post-10048","post","type-post","status-publish","format-standard","has-post-thumbnail","hentry","category-general-es","tag-graduacio2019-es"],"jetpack_publicize_connections":[],"yoast_head":"<!-- This site is optimized with the Yoast SEO plugin v23.0 - https:\/\/yoast.com\/wordpress\/plugins\/seo\/ -->\n<title>GRADUACI\u00d3N 2019 - IES Pere Bo\u00efl<\/title>\n<meta name=\"robots\" content=\"index, follow, max-snippet:-1, max-image-preview:large, max-video-preview:-1\" \/>\n<link rel=\"canonical\" href=\"https:\/\/pereboil.com\/es\/graduacio-2019-2\/\" \/>\n<meta property=\"og:locale\" content=\"es_ES\" \/>\n<meta property=\"og:type\" content=\"article\" \/>\n<meta property=\"og:title\" content=\"GRADUACI\u00d3N 2019 - IES Pere Bo\u00efl\" \/>\n<meta property=\"og:description\" content=\"El d\u00eda 24 de mayo celebramos en nuestro centro el acto de\u00a0Graduaci\u00f3n 2019. Se graduaron m\u00e1s de 150 alumnos de 4\u00ba de la ESO, 2\u00ba de Bachillerato, y los Ciclos Formativos medio y superior de 2\u00ba de Administraci\u00f3n y Finanzas. A pesar de las inclemencias del tiempo, se vivieron momentos muy emotivos, divertidos y entra\u00f1ables... Leer M\u00e1s\" \/>\n<meta property=\"og:url\" content=\"https:\/\/pereboil.com\/es\/graduacio-2019-2\/\" \/>\n<meta property=\"og:site_name\" content=\"IES Pere Bo\u00efl\" \/>\n<meta property=\"article:published_time\" content=\"2019-05-30T07:21:28+00:00\" \/>\n<meta property=\"article:modified_time\" content=\"2019-05-30T07:28:20+00:00\" \/>\n<meta property=\"og:image\" content=\"https:\/\/pereboil.com\/wp-content\/uploads\/2019\/05\/graduacio-2019.jpg\" \/>\n\t<meta property=\"og:image:width\" content=\"960\" \/>\n\t<meta property=\"og:image:height\" content=\"641\" \/>\n\t<meta property=\"og:image:type\" content=\"image\/jpeg\" \/>\n<meta name=\"author\" content=\"pereboil\" \/>\n<meta name=\"twitter:card\" content=\"summary_large_image\" \/>\n<meta name=\"twitter:label1\" content=\"Escrito por\" \/>\n\t<meta name=\"twitter:data1\" content=\"pereboil\" \/>\n\t<meta name=\"twitter:label2\" content=\"Tiempo de lectura\" \/>\n\t<meta name=\"twitter:data2\" content=\"1 minuto\" \/>\n<script type=\"application\/ld+json\" class=\"yoast-schema-graph\">{\"@context\":\"https:\/\/schema.org\",\"@graph\":[{\"@type\":\"WebPage\",\"@id\":\"https:\/\/pereboil.com\/es\/graduacio-2019-2\/\",\"url\":\"https:\/\/pereboil.com\/es\/graduacio-2019-2\/\",\"name\":\"GRADUACI\u00d3N 2019 - IES Pere Bo\u00efl\",\"isPartOf\":{\"@id\":\"https:\/\/pereboil.com\/#website\"},\"primaryImageOfPage\":{\"@id\":\"https:\/\/pereboil.com\/es\/graduacio-2019-2\/#primaryimage\"},\"image\":{\"@id\":\"https:\/\/pereboil.com\/es\/graduacio-2019-2\/#primaryimage\"},\"thumbnailUrl\":\"https:\/\/pereboil.com\/wp-content\/uploads\/2019\/05\/graduacio-2019.jpg\",\"datePublished\":\"2019-05-30T07:21:28+00:00\",\"dateModified\":\"2019-05-30T07:28:20+00:00\",\"author\":{\"@id\":\"https:\/\/pereboil.com\/#\/schema\/person\/df0ec777cbf2256241475f17d2c2eaa8\"},\"breadcrumb\":{\"@id\":\"https:\/\/pereboil.com\/es\/graduacio-2019-2\/#breadcrumb\"},\"inLanguage\":\"es\",\"potentialAction\":[{\"@type\":\"ReadAction\",\"target\":[\"https:\/\/pereboil.com\/es\/graduacio-2019-2\/\"]}]},{\"@type\":\"ImageObject\",\"inLanguage\":\"es\",\"@id\":\"https:\/\/pereboil.com\/es\/graduacio-2019-2\/#primaryimage\",\"url\":\"https:\/\/pereboil.com\/wp-content\/uploads\/2019\/05\/graduacio-2019.jpg\",\"contentUrl\":\"https:\/\/pereboil.com\/wp-content\/uploads\/2019\/05\/graduacio-2019.jpg\",\"width\":960,\"height\":641},{\"@type\":\"BreadcrumbList\",\"@id\":\"https:\/\/pereboil.com\/es\/graduacio-2019-2\/#breadcrumb\",\"itemListElement\":[{\"@type\":\"ListItem\",\"position\":1,\"name\":\"Inici\",\"item\":\"https:\/\/pereboil.com\/es\/\"},{\"@type\":\"ListItem\",\"position\":2,\"name\":\"GRADUACI\u00d3N 2019\"}]},{\"@type\":\"WebSite\",\"@id\":\"https:\/\/pereboil.com\/#website\",\"url\":\"https:\/\/pereboil.com\/\",\"name\":\"IES Pere Bo\u00efl\",\"description\":\"IES Pere Bo\u00efl\",\"potentialAction\":[{\"@type\":\"SearchAction\",\"target\":{\"@type\":\"EntryPoint\",\"urlTemplate\":\"https:\/\/pereboil.com\/?s={search_term_string}\"},\"query-input\":\"required name=search_term_string\"}],\"inLanguage\":\"es\"},{\"@type\":\"Person\",\"@id\":\"https:\/\/pereboil.com\/#\/schema\/person\/df0ec777cbf2256241475f17d2c2eaa8\",\"name\":\"pereboil\",\"image\":{\"@type\":\"ImageObject\",\"inLanguage\":\"es\",\"@id\":\"https:\/\/pereboil.com\/#\/schema\/person\/image\/\",\"url\":\"https:\/\/secure.gravatar.com\/avatar\/7d12a41ff5a2c0654e5b7c09dbe3f636?s=96&d=mm&r=g\",\"contentUrl\":\"https:\/\/secure.gravatar.com\/avatar\/7d12a41ff5a2c0654e5b7c09dbe3f636?s=96&d=mm&r=g\",\"caption\":\"pereboil\"},\"url\":\"https:\/\/pereboil.com\/es\/author\/pereboil\/\"}]}<\/script>\n<!-- \/ Yoast SEO plugin. -->","yoast_head_json":{"title":"GRADUACI\u00d3N 2019 - IES Pere Bo\u00efl","robots":{"index":"index","follow":"follow","max-snippet":"max-snippet:-1","max-image-preview":"max-image-preview:large","max-video-preview":"max-video-preview:-1"},"canonical":"https:\/\/pereboil.com\/es\/graduacio-2019-2\/","og_locale":"es_ES","og_type":"article","og_title":"GRADUACI\u00d3N 2019 - IES Pere Bo\u00efl","og_description":"El d\u00eda 24 de mayo celebramos en nuestro centro el acto de\u00a0Graduaci\u00f3n 2019. Se graduaron m\u00e1s de 150 alumnos de 4\u00ba de la ESO, 2\u00ba de Bachillerato, y los Ciclos Formativos medio y superior de 2\u00ba de Administraci\u00f3n y Finanzas. A pesar de las inclemencias del tiempo, se vivieron momentos muy emotivos, divertidos y entra\u00f1ables... Leer M\u00e1s","og_url":"https:\/\/pereboil.com\/es\/graduacio-2019-2\/","og_site_name":"IES Pere Bo\u00efl","article_published_time":"2019-05-30T07:21:28+00:00","article_modified_time":"2019-05-30T07:28:20+00:00","og_image":[{"width":960,"height":641,"url":"https:\/\/pereboil.com\/wp-content\/uploads\/2019\/05\/graduacio-2019.jpg","type":"image\/jpeg"}],"author":"pereboil","twitter_card":"summary_large_image","twitter_misc":{"Escrito por":"pereboil","Tiempo de lectura":"1 minuto"},"schema":{"@context":"https:\/\/schema.org","@graph":[{"@type":"WebPage","@id":"https:\/\/pereboil.com\/es\/graduacio-2019-2\/","url":"https:\/\/pereboil.com\/es\/graduacio-2019-2\/","name":"GRADUACI\u00d3N 2019 - IES Pere Bo\u00efl","isPartOf":{"@id":"https:\/\/pereboil.com\/#website"},"primaryImageOfPage":{"@id":"https:\/\/pereboil.com\/es\/graduacio-2019-2\/#primaryimage"},"image":{"@id":"https:\/\/pereboil.com\/es\/graduacio-2019-2\/#primaryimage"},"thumbnailUrl":"https:\/\/pereboil.com\/wp-content\/uploads\/2019\/05\/graduacio-2019.jpg","datePublished":"2019-05-30T07:21:28+00:00","dateModified":"2019-05-30T07:28:20+00:00","author":{"@id":"https:\/\/pereboil.com\/#\/schema\/person\/df0ec777cbf2256241475f17d2c2eaa8"},"breadcrumb":{"@id":"https:\/\/pereboil.com\/es\/graduacio-2019-2\/#breadcrumb"},"inLanguage":"es","potentialAction":[{"@type":"ReadAction","target":["https:\/\/pereboil.com\/es\/graduacio-2019-2\/"]}]},{"@type":"ImageObject","inLanguage":"es","@id":"https:\/\/pereboil.com\/es\/graduacio-2019-2\/#primaryimage","url":"https:\/\/pereboil.com\/wp-content\/uploads\/2019\/05\/graduacio-2019.jpg","contentUrl":"https:\/\/pereboil.com\/wp-content\/uploads\/2019\/05\/graduacio-2019.jpg","width":960,"height":641},{"@type":"BreadcrumbList","@id":"https:\/\/pereboil.com\/es\/graduacio-2019-2\/#breadcrumb","itemListElement":[{"@type":"ListItem","position":1,"name":"Inici","item":"https:\/\/pereboil.com\/es\/"},{"@type":"ListItem","position":2,"name":"GRADUACI\u00d3N 2019"}]},{"@type":"WebSite","@id":"https:\/\/pereboil.com\/#website","url":"https:\/\/pereboil.com\/","name":"IES Pere Bo\u00efl","description":"IES Pere Bo\u00efl","potentialAction":[{"@type":"SearchAction","target":{"@type":"EntryPoint","urlTemplate":"https:\/\/pereboil.com\/?s={search_term_string}"},"query-input":"required name=search_term_string"}],"inLanguage":"es"},{"@type":"Person","@id":"https:\/\/pereboil.com\/#\/schema\/person\/df0ec777cbf2256241475f17d2c2eaa8","name":"pereboil","image":{"@type":"ImageObject","inLanguage":"es","@id":"https:\/\/pereboil.com\/#\/schema\/person\/image\/","url":"https:\/\/secure.gravatar.com\/avatar\/7d12a41ff5a2c0654e5b7c09dbe3f636?s=96&d=mm&r=g","contentUrl":"https:\/\/secure.gravatar.com\/avatar\/7d12a41ff5a2c0654e5b7c09dbe3f636?s=96&d=mm&r=g","caption":"pereboil"},"url":"https:\/\/pereboil.com\/es\/author\/pereboil\/"}]}},"jetpack_featured_media_url":"https:\/\/pereboil.com\/wp-content\/uploads\/2019\/05\/graduacio-2019.jpg","jetpack_sharing_enabled":true,"jetpack_shortlink":"https:\/\/wp.me\/p7xOKx-2C4","_links":{"self":[{"href":"https:\/\/pereboil.com\/es\/wp-json\/wp\/v2\/posts\/10048"}],"collection":[{"href":"https:\/\/pereboil.com\/es\/wp-json\/wp\/v2\/posts"}],"about":[{"href":"https:\/\/pereboil.com\/es\/wp-json\/wp\/v2\/types\/post"}],"author":[{"embeddable":true,"href":"https:\/\/pereboil.com\/es\/wp-json\/wp\/v2\/users\/2"}],"replies":[{"embeddable":true,"href":"https:\/\/pereboil.com\/es\/wp-json\/wp\/v2\/comments?post=10048"}],"version-history":[{"count":3,"href":"https:\/\/pereboil.com\/es\/wp-json\/wp\/v2\/posts\/10048\/revisions"}],"predecessor-version":[{"id":10051,"href":"https:\/\/pereboil.com\/es\/wp-json\/wp\/v2\/posts\/10048\/revisions\/10051"}],"wp:featuredmedia":[{"embeddable":true,"href":"https:\/\/pereboil.com\/es\/wp-json\/wp\/v2\/media\/10045"}],"wp:attachment":[{"href":"https:\/\/pereboil.com\/es\/wp-json\/wp\/v2\/media?parent=10048"}],"wp:term":[{"taxonomy":"category","embeddable":true,"href":"https:\/\/pereboil.com\/es\/wp-json\/wp\/v2\/categories?post=10048"},{"taxonomy":"post_tag","embeddable":true,"href":"https:\/\/pereboil.com\/es\/wp-json\/wp\/v2\/tags?post=10048"}],"curies":[{"name":"wp","href":"https:\/\/api.w.org\/{rel}","templated":true}]}}