{"id":10010,"date":"2019-05-23T09:21:31","date_gmt":"2019-05-23T07:21:31","guid":{"rendered":"http:\/\/www.pereboil.com\/concert-fi-de-curs\/"},"modified":"2019-05-23T09:32:14","modified_gmt":"2019-05-23T07:32:14","slug":"concert-fi-de-curs","status":"publish","type":"post","link":"https:\/\/pereboil.com\/es\/concert-fi-de-curs\/","title":{"rendered":"CONCIERTO FIN DE CURSO"},"content":{"rendered":"<p>Tenemos el placer de anunciar que el pr\u00f3ximo martes 28 de mayo tendr\u00e1 lugar en el \u00abAuditori Germanies\u00bb el <strong>4\u00ba D\u00cdA DE LA M\u00daSICA<\/strong>\u00a0del IES Pere Bo\u00efl.<\/p>\n<p>El departamento de m\u00fasica ha preparado un concierto de fin de curso para toda la comunidad educativa, como viene haciendo desde hace m\u00e1s de 10 a\u00f1os y que promete ser todo un acontecimiento.<\/p>\n<p>Este a\u00f1o\u00a0 participan los grupos que tenemos en el centro: <strong>Skho\u00fcl, Urband, y alumnos de\u00a04\u00ba ESO, 1\u00ba y 2\u00ba de Bachillerato<\/strong><\/p>\n<p>\u00a1Todo el alumnado y sus familias est\u00e1is invitados!<\/p>\n<p>\u00a1Os esperamos!<\/p>\n<p><a href=\"http:\/\/www.pereboil.com\/wp-content\/uploads\/2019\/05\/concert-2019-1.png\"><img loading=\"lazy\" decoding=\"async\" class=\"alignnone wp-image-10006 size-medium\" src=\"http:\/\/www.pereboil.com\/wp-content\/uploads\/2019\/05\/concert-2019-1.png\" alt=\"\" width=\"212\" height=\"300\" srcset=\"https:\/\/pereboil.com\/wp-content\/uploads\/2019\/05\/concert-2019-1.png 1588w, https:\/\/pereboil.com\/wp-content\/uploads\/2019\/05\/concert-2019-1-212x300.png 212w, https:\/\/pereboil.com\/wp-content\/uploads\/2019\/05\/concert-2019-1-768x1086.png 768w, https:\/\/pereboil.com\/wp-content\/uploads\/2019\/05\/concert-2019-1-724x1024.png 724w\" sizes=\"(max-width: 212px) 100vw, 212px\" \/><\/a><\/p>\n","protected":false},"excerpt":{"rendered":"<p>Tenemos el placer de anunciar que el pr\u00f3ximo martes 28 de mayo tendr\u00e1 lugar en el \u00abAuditori Germanies\u00bb el 4\u00ba D\u00cdA DE LA M\u00daSICA\u00a0del IES Pere Bo\u00efl. El departamento de m\u00fasica ha preparado un concierto de fin de curso para toda la comunidad educativa, como viene haciendo desde hace m\u00e1s de 10 a\u00f1os y que&#8230; <a href=\"https:\/\/pereboil.com\/es\/concert-fi-de-curs\/\" class=\"excerpt-read-more\">Leer M\u00e1s<\/a><\/p>\n","protected":false},"author":2,"featured_media":10007,"comment_status":"closed","ping_status":"closed","sticky":false,"template":"","format":"standard","meta":{"jetpack_post_was_ever_published":false,"_jetpack_newsletter_access":"","_jetpack_dont_email_post_to_subs":false,"_jetpack_newsletter_tier_id":0,"_jetpack_memberships_contains_paywalled_content":false,"_jetpack_memberships_contains_paid_content":false,"footnotes":"","jetpack_publicize_message":"","jetpack_publicize_feature_enabled":true,"jetpack_social_post_already_shared":true,"jetpack_social_options":{"image_generator_settings":{"template":"highway","enabled":false},"version":2}},"categories":[39],"tags":[365],"class_list":["post-10010","post","type-post","status-publish","format-standard","has-post-thumbnail","hentry","category-musica-es","tag-germanies2019-es"],"jetpack_publicize_connections":[],"yoast_head":"<!-- This site is optimized with the Yoast SEO plugin v23.0 - https:\/\/yoast.com\/wordpress\/plugins\/seo\/ -->\n<title>CONCIERTO FIN DE CURSO - IES Pere Bo\u00efl<\/title>\n<meta name=\"robots\" content=\"index, follow, max-snippet:-1, max-image-preview:large, max-video-preview:-1\" \/>\n<link rel=\"canonical\" href=\"https:\/\/pereboil.com\/es\/concert-fi-de-curs\/\" \/>\n<meta property=\"og:locale\" content=\"es_ES\" \/>\n<meta property=\"og:type\" content=\"article\" \/>\n<meta property=\"og:title\" content=\"CONCIERTO FIN DE CURSO - IES Pere Bo\u00efl\" \/>\n<meta property=\"og:description\" content=\"Tenemos el placer de anunciar que el pr\u00f3ximo martes 28 de mayo tendr\u00e1 lugar en el \u00abAuditori Germanies\u00bb el 4\u00ba D\u00cdA DE LA M\u00daSICA\u00a0del IES Pere Bo\u00efl. El departamento de m\u00fasica ha preparado un concierto de fin de curso para toda la comunidad educativa, como viene haciendo desde hace m\u00e1s de 10 a\u00f1os y que... Leer M\u00e1s\" \/>\n<meta property=\"og:url\" content=\"https:\/\/pereboil.com\/es\/concert-fi-de-curs\/\" \/>\n<meta property=\"og:site_name\" content=\"IES Pere Bo\u00efl\" \/>\n<meta property=\"article:published_time\" content=\"2019-05-23T07:21:31+00:00\" \/>\n<meta property=\"article:modified_time\" content=\"2019-05-23T07:32:14+00:00\" \/>\n<meta property=\"og:image\" content=\"https:\/\/pereboil.com\/wp-content\/uploads\/2019\/05\/concert-2019-1.png\" \/>\n\t<meta property=\"og:image:width\" content=\"1588\" \/>\n\t<meta property=\"og:image:height\" content=\"2246\" \/>\n\t<meta property=\"og:image:type\" content=\"image\/png\" \/>\n<meta name=\"author\" content=\"pereboil\" \/>\n<meta name=\"twitter:card\" content=\"summary_large_image\" \/>\n<meta name=\"twitter:label1\" content=\"Escrito por\" \/>\n\t<meta name=\"twitter:data1\" content=\"pereboil\" \/>\n<script type=\"application\/ld+json\" class=\"yoast-schema-graph\">{\"@context\":\"https:\/\/schema.org\",\"@graph\":[{\"@type\":\"WebPage\",\"@id\":\"https:\/\/pereboil.com\/es\/concert-fi-de-curs\/\",\"url\":\"https:\/\/pereboil.com\/es\/concert-fi-de-curs\/\",\"name\":\"CONCIERTO FIN DE CURSO - IES Pere Bo\u00efl\",\"isPartOf\":{\"@id\":\"https:\/\/pereboil.com\/#website\"},\"primaryImageOfPage\":{\"@id\":\"https:\/\/pereboil.com\/es\/concert-fi-de-curs\/#primaryimage\"},\"image\":{\"@id\":\"https:\/\/pereboil.com\/es\/concert-fi-de-curs\/#primaryimage\"},\"thumbnailUrl\":\"https:\/\/pereboil.com\/wp-content\/uploads\/2019\/05\/concert-2019-1.png\",\"datePublished\":\"2019-05-23T07:21:31+00:00\",\"dateModified\":\"2019-05-23T07:32:14+00:00\",\"author\":{\"@id\":\"https:\/\/pereboil.com\/#\/schema\/person\/df0ec777cbf2256241475f17d2c2eaa8\"},\"breadcrumb\":{\"@id\":\"https:\/\/pereboil.com\/es\/concert-fi-de-curs\/#breadcrumb\"},\"inLanguage\":\"es\",\"potentialAction\":[{\"@type\":\"ReadAction\",\"target\":[\"https:\/\/pereboil.com\/es\/concert-fi-de-curs\/\"]}]},{\"@type\":\"ImageObject\",\"inLanguage\":\"es\",\"@id\":\"https:\/\/pereboil.com\/es\/concert-fi-de-curs\/#primaryimage\",\"url\":\"https:\/\/pereboil.com\/wp-content\/uploads\/2019\/05\/concert-2019-1.png\",\"contentUrl\":\"https:\/\/pereboil.com\/wp-content\/uploads\/2019\/05\/concert-2019-1.png\",\"width\":1588,\"height\":2246},{\"@type\":\"BreadcrumbList\",\"@id\":\"https:\/\/pereboil.com\/es\/concert-fi-de-curs\/#breadcrumb\",\"itemListElement\":[{\"@type\":\"ListItem\",\"position\":1,\"name\":\"Inici\",\"item\":\"https:\/\/pereboil.com\/es\/\"},{\"@type\":\"ListItem\",\"position\":2,\"name\":\"CONCIERTO FIN DE CURSO\"}]},{\"@type\":\"WebSite\",\"@id\":\"https:\/\/pereboil.com\/#website\",\"url\":\"https:\/\/pereboil.com\/\",\"name\":\"IES Pere Bo\u00efl\",\"description\":\"IES Pere Bo\u00efl\",\"potentialAction\":[{\"@type\":\"SearchAction\",\"target\":{\"@type\":\"EntryPoint\",\"urlTemplate\":\"https:\/\/pereboil.com\/?s={search_term_string}\"},\"query-input\":\"required name=search_term_string\"}],\"inLanguage\":\"es\"},{\"@type\":\"Person\",\"@id\":\"https:\/\/pereboil.com\/#\/schema\/person\/df0ec777cbf2256241475f17d2c2eaa8\",\"name\":\"pereboil\",\"image\":{\"@type\":\"ImageObject\",\"inLanguage\":\"es\",\"@id\":\"https:\/\/pereboil.com\/#\/schema\/person\/image\/\",\"url\":\"https:\/\/secure.gravatar.com\/avatar\/7d12a41ff5a2c0654e5b7c09dbe3f636?s=96&d=mm&r=g\",\"contentUrl\":\"https:\/\/secure.gravatar.com\/avatar\/7d12a41ff5a2c0654e5b7c09dbe3f636?s=96&d=mm&r=g\",\"caption\":\"pereboil\"},\"url\":\"https:\/\/pereboil.com\/es\/author\/pereboil\/\"}]}<\/script>\n<!-- \/ Yoast SEO plugin. -->","yoast_head_json":{"title":"CONCIERTO FIN DE CURSO - IES Pere Bo\u00efl","robots":{"index":"index","follow":"follow","max-snippet":"max-snippet:-1","max-image-preview":"max-image-preview:large","max-video-preview":"max-video-preview:-1"},"canonical":"https:\/\/pereboil.com\/es\/concert-fi-de-curs\/","og_locale":"es_ES","og_type":"article","og_title":"CONCIERTO FIN DE CURSO - IES Pere Bo\u00efl","og_description":"Tenemos el placer de anunciar que el pr\u00f3ximo martes 28 de mayo tendr\u00e1 lugar en el \u00abAuditori Germanies\u00bb el 4\u00ba D\u00cdA DE LA M\u00daSICA\u00a0del IES Pere Bo\u00efl. El departamento de m\u00fasica ha preparado un concierto de fin de curso para toda la comunidad educativa, como viene haciendo desde hace m\u00e1s de 10 a\u00f1os y que... Leer M\u00e1s","og_url":"https:\/\/pereboil.com\/es\/concert-fi-de-curs\/","og_site_name":"IES Pere Bo\u00efl","article_published_time":"2019-05-23T07:21:31+00:00","article_modified_time":"2019-05-23T07:32:14+00:00","og_image":[{"width":1588,"height":2246,"url":"https:\/\/pereboil.com\/wp-content\/uploads\/2019\/05\/concert-2019-1.png","type":"image\/png"}],"author":"pereboil","twitter_card":"summary_large_image","twitter_misc":{"Escrito por":"pereboil"},"schema":{"@context":"https:\/\/schema.org","@graph":[{"@type":"WebPage","@id":"https:\/\/pereboil.com\/es\/concert-fi-de-curs\/","url":"https:\/\/pereboil.com\/es\/concert-fi-de-curs\/","name":"CONCIERTO FIN DE CURSO - IES Pere Bo\u00efl","isPartOf":{"@id":"https:\/\/pereboil.com\/#website"},"primaryImageOfPage":{"@id":"https:\/\/pereboil.com\/es\/concert-fi-de-curs\/#primaryimage"},"image":{"@id":"https:\/\/pereboil.com\/es\/concert-fi-de-curs\/#primaryimage"},"thumbnailUrl":"https:\/\/pereboil.com\/wp-content\/uploads\/2019\/05\/concert-2019-1.png","datePublished":"2019-05-23T07:21:31+00:00","dateModified":"2019-05-23T07:32:14+00:00","author":{"@id":"https:\/\/pereboil.com\/#\/schema\/person\/df0ec777cbf2256241475f17d2c2eaa8"},"breadcrumb":{"@id":"https:\/\/pereboil.com\/es\/concert-fi-de-curs\/#breadcrumb"},"inLanguage":"es","potentialAction":[{"@type":"ReadAction","target":["https:\/\/pereboil.com\/es\/concert-fi-de-curs\/"]}]},{"@type":"ImageObject","inLanguage":"es","@id":"https:\/\/pereboil.com\/es\/concert-fi-de-curs\/#primaryimage","url":"https:\/\/pereboil.com\/wp-content\/uploads\/2019\/05\/concert-2019-1.png","contentUrl":"https:\/\/pereboil.com\/wp-content\/uploads\/2019\/05\/concert-2019-1.png","width":1588,"height":2246},{"@type":"BreadcrumbList","@id":"https:\/\/pereboil.com\/es\/concert-fi-de-curs\/#breadcrumb","itemListElement":[{"@type":"ListItem","position":1,"name":"Inici","item":"https:\/\/pereboil.com\/es\/"},{"@type":"ListItem","position":2,"name":"CONCIERTO FIN DE CURSO"}]},{"@type":"WebSite","@id":"https:\/\/pereboil.com\/#website","url":"https:\/\/pereboil.com\/","name":"IES Pere Bo\u00efl","description":"IES Pere Bo\u00efl","potentialAction":[{"@type":"SearchAction","target":{"@type":"EntryPoint","urlTemplate":"https:\/\/pereboil.com\/?s={search_term_string}"},"query-input":"required name=search_term_string"}],"inLanguage":"es"},{"@type":"Person","@id":"https:\/\/pereboil.com\/#\/schema\/person\/df0ec777cbf2256241475f17d2c2eaa8","name":"pereboil","image":{"@type":"ImageObject","inLanguage":"es","@id":"https:\/\/pereboil.com\/#\/schema\/person\/image\/","url":"https:\/\/secure.gravatar.com\/avatar\/7d12a41ff5a2c0654e5b7c09dbe3f636?s=96&d=mm&r=g","contentUrl":"https:\/\/secure.gravatar.com\/avatar\/7d12a41ff5a2c0654e5b7c09dbe3f636?s=96&d=mm&r=g","caption":"pereboil"},"url":"https:\/\/pereboil.com\/es\/author\/pereboil\/"}]}},"jetpack_featured_media_url":"https:\/\/pereboil.com\/wp-content\/uploads\/2019\/05\/concert-2019-1.png","jetpack_sharing_enabled":true,"jetpack_shortlink":"https:\/\/wp.me\/p7xOKx-2Bs","_links":{"self":[{"href":"https:\/\/pereboil.com\/es\/wp-json\/wp\/v2\/posts\/10010"}],"collection":[{"href":"https:\/\/pereboil.com\/es\/wp-json\/wp\/v2\/posts"}],"about":[{"href":"https:\/\/pereboil.com\/es\/wp-json\/wp\/v2\/types\/post"}],"author":[{"embeddable":true,"href":"https:\/\/pereboil.com\/es\/wp-json\/wp\/v2\/users\/2"}],"replies":[{"embeddable":true,"href":"https:\/\/pereboil.com\/es\/wp-json\/wp\/v2\/comments?post=10010"}],"version-history":[{"count":1,"href":"https:\/\/pereboil.com\/es\/wp-json\/wp\/v2\/posts\/10010\/revisions"}],"predecessor-version":[{"id":10011,"href":"https:\/\/pereboil.com\/es\/wp-json\/wp\/v2\/posts\/10010\/revisions\/10011"}],"wp:featuredmedia":[{"embeddable":true,"href":"https:\/\/pereboil.com\/es\/wp-json\/wp\/v2\/media\/10007"}],"wp:attachment":[{"href":"https:\/\/pereboil.com\/es\/wp-json\/wp\/v2\/media?parent=10010"}],"wp:term":[{"taxonomy":"category","embeddable":true,"href":"https:\/\/pereboil.com\/es\/wp-json\/wp\/v2\/categories?post=10010"},{"taxonomy":"post_tag","embeddable":true,"href":"https:\/\/pereboil.com\/es\/wp-json\/wp\/v2\/tags?post=10010"}],"curies":[{"name":"wp","href":"https:\/\/api.w.org\/{rel}","templated":true}]}}